{"id":84072,"date":"2025-03-20T15:00:53","date_gmt":"2025-03-20T18:00:53","guid":{"rendered":"https:\/\/vocesparalelas.com.ar\/sitio\/?p=84072"},"modified":"2025-03-20T23:31:36","modified_gmt":"2025-03-21T02:31:36","slug":"seguridad-vial-y-prevencion-en-san-juan-con-ruben-daray","status":"publish","type":"post","link":"https:\/\/vocesparalelas.com.ar\/sitio\/seguridad-vial-y-prevencion-en-san-juan-con-ruben-daray\/","title":{"rendered":"\u00abSeguridad Vial y prevenci\u00f3n en San Juan\u00bb con Rub\u00e9n Daray"},"content":{"rendered":"<p>El ex piloto de automovilismo y conductor del programa \u201cA Todo Motor\u201d, Rub\u00e9n Daray diserta sobre \u00abSeguridad Vial y prevenci\u00f3n en San Juan\u00bb. Esta actividad, organizada por el Ministerio de Gobierno, a trav\u00e9s de la Secretar\u00eda de Tr\u00e1nsito y Transporte, se realiza en el Centro de Convenciones. el Jueves, 20 de Marzo. a las 19:00.<\/p>\n<p>La charla ha sido dise\u00f1ada pensando en la comunidad en general, especialmente en familias que buscan informaci\u00f3n sobre c\u00f3mo mantenerse seguros en las calles, profesionales del transporte, instructores de manejo, estudiantes que est\u00e1n por acceder a su primer carnet de conducir y cualquier persona que desee ampliar sus conocimientos sobre Seguridad Vial. La conferencia se enfocar\u00e1 en la conciencia por parte de automovilistas, motociclistas y peatones, durante la conducci\u00f3n en la v\u00eda p\u00fablica.<\/p>\n<p>Esta iniciativa se da en el marco del\u00a02do Raid Latinoamericano de Autos Antiguos, que contar\u00e1 con un cronograma de variadas propuestas, incluido el recorrido de veh\u00edculos antiguos el d\u00eda domingo por escenarios importantes de nuestra provincia. Daray participar\u00e1 en este evento como persona acreditada y grabar\u00e1 su programa desde el\u00a0aut\u00f3dromo \u201cEl Zonda\u201d Eduardo Copello.<\/p>\n<p>La organizaci\u00f3n del evento est\u00e1 a cargo del\u00a0Club Asociaci\u00f3n Amigos del Autom\u00f3vil Antiguo (AAAA),\u00a0y tiene el apoyo del Gobierno de San Juan, por medio del Ministerio de Gobierno y del Ministerio de Turismo, Cultura y Deporte.<\/p>\n<p><iframe loading=\"lazy\" title=\"RUBEN GARAY EN SAN JUAN\" width=\"800\" height=\"450\" src=\"https:\/\/www.youtube.com\/embed\/gXq9V4Ee3QI?feature=oembed\" frameborder=\"0\" allow=\"accelerometer; autoplay; clipboard-write; encrypted-media; gyroscope; picture-in-picture; web-share\" referrerpolicy=\"strict-origin-when-cross-origin\" allowfullscreen><\/iframe><\/p>\n","protected":false},"excerpt":{"rendered":"<p>El ex piloto de automovilismo y conductor del programa \u201cA Todo Motor\u201d, Rub\u00e9n Daray diserta sobre \u00abSeguridad Vial y prevenci\u00f3n<\/p>\n","protected":false},"author":3,"featured_media":84075,"comment_status":"closed","ping_status":"closed","sticky":false,"template":"","format":"standard","meta":{"_acf_changed":false,"_seopress_robots_primary_cat":"none","_seopress_titles_title":"","_seopress_titles_desc":"","_seopress_robots_index":"","colormag_page_container_layout":"default_layout","colormag_page_sidebar_layout":"default_layout","footnotes":""},"categories":[6,7],"tags":[],"class_list":["post-84072","post","type-post","status-publish","format-standard","has-post-thumbnail","hentry","category-eventos","category-videos"],"acf":[],"_links":{"self":[{"href":"https:\/\/vocesparalelas.com.ar\/sitio\/wp-json\/wp\/v2\/posts\/84072","targetHints":{"allow":["GET"]}}],"collection":[{"href":"https:\/\/vocesparalelas.com.ar\/sitio\/wp-json\/wp\/v2\/posts"}],"about":[{"href":"https:\/\/vocesparalelas.com.ar\/sitio\/wp-json\/wp\/v2\/types\/post"}],"author":[{"embeddable":true,"href":"https:\/\/vocesparalelas.com.ar\/sitio\/wp-json\/wp\/v2\/users\/3"}],"replies":[{"embeddable":true,"href":"https:\/\/vocesparalelas.com.ar\/sitio\/wp-json\/wp\/v2\/comments?post=84072"}],"version-history":[{"count":2,"href":"https:\/\/vocesparalelas.com.ar\/sitio\/wp-json\/wp\/v2\/posts\/84072\/revisions"}],"predecessor-version":[{"id":84079,"href":"https:\/\/vocesparalelas.com.ar\/sitio\/wp-json\/wp\/v2\/posts\/84072\/revisions\/84079"}],"wp:featuredmedia":[{"embeddable":true,"href":"https:\/\/vocesparalelas.com.ar\/sitio\/wp-json\/wp\/v2\/media\/84075"}],"wp:attachment":[{"href":"https:\/\/vocesparalelas.com.ar\/sitio\/wp-json\/wp\/v2\/media?parent=84072"}],"wp:term":[{"taxonomy":"category","embeddable":true,"href":"https:\/\/vocesparalelas.com.ar\/sitio\/wp-json\/wp\/v2\/categories?post=84072"},{"taxonomy":"post_tag","embeddable":true,"href":"https:\/\/vocesparalelas.com.ar\/sitio\/wp-json\/wp\/v2\/tags?post=84072"}],"curies":[{"name":"wp","href":"https:\/\/api.w.org\/{rel}","templated":true}]}}