{"id":84068,"date":"2025-03-20T17:37:13","date_gmt":"2025-03-20T20:37:13","guid":{"rendered":"https:\/\/vocesparalelas.com.ar\/sitio\/?p=84068"},"modified":"2025-03-21T15:39:38","modified_gmt":"2025-03-21T18:39:38","slug":"debe-presentar-factura-marzo-2025-el-personal-contratado-de-educacion-de-san-juan","status":"publish","type":"post","link":"https:\/\/vocesparalelas.com.ar\/sitio\/debe-presentar-factura-marzo-2025-el-personal-contratado-de-educacion-de-san-juan\/","title":{"rendered":"Debe presentar \u00abFactura Marzo 2025\u00bb el personal contratado de Educaci\u00f3n de San Juan"},"content":{"rendered":"<p>El Ministerio de Educaci\u00f3n del Gobierno de San Juan informa a las personas que poseen Contratos Administrativos de Servicios de Colaboraci\u00f3n, que deben presentar la factura electr\u00f3nica \u00abMarzo 2025\u00bb a sus directivos para que la firmen y sellen al dorso.<\/p>\n<p>La factura puede realizarse a partir del 21 de Marzo y debe ser presentada en el Centro C\u00edvico, seg\u00fan el siguiente cronograma:<\/p>\n<p><span style=\"color: #ff6600;\"><strong>Servicios Generales porteros<\/strong><\/span><\/p>\n<ul>\n<li>DNI terminado en 0, 1, 2 y 3; el martes 25 de marzo de 2025 de 7,30 a 14 en Mesa de Entrada 2\u00b0 piso del Ministerio de Educaci\u00f3n.<\/li>\n<li>DNI terminado en 4, 5 y 6; el mi\u00e9rcoles 26 de marzo de 2025 de 7,30 a 14 en Mesa de Entrada 2\u00b0 piso del Ministerio de Educaci\u00f3n.<\/li>\n<li>DNI terminado en 7, 8 y 9, el jueves 27 de marzo de 2025 de 7,30 a 14 en Mesa de Entrada 2\u00b0 piso del Ministerio de Educaci\u00f3n.<\/li>\n<\/ul>\n<p><span style=\"color: #ff6600;\"><strong>Administrativos<\/strong><\/span><\/p>\n<p>Presentar\u00e1n la factura en la Oficina de Personal Administrativo con el monto correspondiente a cada contrato, los d\u00edas 25; 26 y 27 de Marzo de 2025, de 7,30 a 12,30 hs.<\/p>\n<p><span style=\"color: #ff6600;\"><strong>Departamentos alejados<\/strong><\/span><\/p>\n<p>Las personas contratadas que viven en los departamentos de Calingasta, Iglesia, J\u00e1chal y Valle F\u00e9rtil deber\u00e1n llevar la factura para que su directivo la firme. Se entregan en sus respectivas unidades de gesti\u00f3n.<\/p>\n<p><span style=\"color: #ff6600;\"><strong>Para tener en cuenta<\/strong><\/span><\/p>\n<p>Las facturas deber\u00e1n ser electr\u00f3nicas y confeccionadas de la siguiente manera:<\/p>\n<p>Factura mes de marzo de 2025<\/p>\n<p>Fecha emisi\u00f3n: 31\/03\/2025<\/p>\n<p>Periodo facturado: desde 01\/03\/2025 hasta 31\/03\/2025<\/p>\n<p>Vencimiento: 30\/04\/2025<\/p>\n<p>CUIT Gobierno de la Provincia: 30-99901516-2<\/p>\n<p>Condici\u00f3n frente al IVA: IVA Sujeto Exento<\/p>\n<p>Condici\u00f3n de venta: Otra<\/p>\n<p>Detalle: Pago de honorarios por Contrato Administrativo de Servicios de Colaboraci\u00f3n correspondiente al mes de marzo de 2025.-<\/p>\n<p>Monto a facturar: (para porteros): $335.000,00.-<\/p>\n<p><strong><span style=\"color: #ff6600;\">Conformaci\u00f3n de factura: Al dorso de la factura (en la parte de atr\u00e1s) debe colocar lo siguiente:<\/span><\/strong><\/p>\n<p>\u201cArt\u00edculos 6\u00b0 y 11\u00ba Ley N.\u00ba 793-A. Cl\u00e1usula cuarta del contrato administrativo de Servicios de Colaboraci\u00f3n\u201d.<\/p>\n<p>San Juan, 31 de marzo de 2025. \u2013<\/p>\n<p>Firma y sello del directivo<\/p>\n<p>Presentaci\u00f3n del seguro: constancia de pago del mes de marzo de 2025, (fotocopia legible con datos del asegurado y legalizada en el frente por el directivo). En caso de presentar libre de deuda, el mismo debe tener fecha de marzo de 2025. Sin excepci\u00f3n.<\/p>\n<p><img loading=\"lazy\" decoding=\"async\" class=\"alignnone size-full wp-image-28629\" src=\"https:\/\/vocesparalelas.com.ar\/sitio\/wp-content\/uploads\/2020\/05\/MINISTERIO-EDUCACION-SJ.jpg\" alt=\"\" width=\"800\" height=\"533\" srcset=\"https:\/\/vocesparalelas.com.ar\/sitio\/wp-content\/uploads\/2020\/05\/MINISTERIO-EDUCACION-SJ.jpg 800w, https:\/\/vocesparalelas.com.ar\/sitio\/wp-content\/uploads\/2020\/05\/MINISTERIO-EDUCACION-SJ-300x200.jpg 300w, https:\/\/vocesparalelas.com.ar\/sitio\/wp-content\/uploads\/2020\/05\/MINISTERIO-EDUCACION-SJ-768x512.jpg 768w\" sizes=\"auto, (max-width: 800px) 100vw, 800px\" \/><\/p>\n","protected":false},"excerpt":{"rendered":"<p>El Ministerio de Educaci\u00f3n del Gobierno de San Juan informa a las personas que poseen Contratos Administrativos de Servicios de<\/p>\n","protected":false},"author":3,"featured_media":37957,"comment_status":"closed","ping_status":"closed","sticky":false,"template":"","format":"standard","meta":{"_acf_changed":false,"_seopress_robots_primary_cat":"none","_seopress_titles_title":"","_seopress_titles_desc":"","_seopress_robots_index":"","colormag_page_container_layout":"default_layout","colormag_page_sidebar_layout":"default_layout","footnotes":""},"categories":[2],"tags":[],"class_list":["post-84068","post","type-post","status-publish","format-standard","has-post-thumbnail","hentry","category-convocatorias"],"acf":[],"_links":{"self":[{"href":"https:\/\/vocesparalelas.com.ar\/sitio\/wp-json\/wp\/v2\/posts\/84068","targetHints":{"allow":["GET"]}}],"collection":[{"href":"https:\/\/vocesparalelas.com.ar\/sitio\/wp-json\/wp\/v2\/posts"}],"about":[{"href":"https:\/\/vocesparalelas.com.ar\/sitio\/wp-json\/wp\/v2\/types\/post"}],"author":[{"embeddable":true,"href":"https:\/\/vocesparalelas.com.ar\/sitio\/wp-json\/wp\/v2\/users\/3"}],"replies":[{"embeddable":true,"href":"https:\/\/vocesparalelas.com.ar\/sitio\/wp-json\/wp\/v2\/comments?post=84068"}],"version-history":[{"count":1,"href":"https:\/\/vocesparalelas.com.ar\/sitio\/wp-json\/wp\/v2\/posts\/84068\/revisions"}],"predecessor-version":[{"id":84071,"href":"https:\/\/vocesparalelas.com.ar\/sitio\/wp-json\/wp\/v2\/posts\/84068\/revisions\/84071"}],"wp:featuredmedia":[{"embeddable":true,"href":"https:\/\/vocesparalelas.com.ar\/sitio\/wp-json\/wp\/v2\/media\/37957"}],"wp:attachment":[{"href":"https:\/\/vocesparalelas.com.ar\/sitio\/wp-json\/wp\/v2\/media?parent=84068"}],"wp:term":[{"taxonomy":"category","embeddable":true,"href":"https:\/\/vocesparalelas.com.ar\/sitio\/wp-json\/wp\/v2\/categories?post=84068"},{"taxonomy":"post_tag","embeddable":true,"href":"https:\/\/vocesparalelas.com.ar\/sitio\/wp-json\/wp\/v2\/tags?post=84068"}],"curies":[{"name":"wp","href":"https:\/\/api.w.org\/{rel}","templated":true}]}}