{"id":84050,"date":"2025-03-19T14:02:34","date_gmt":"2025-03-19T17:02:34","guid":{"rendered":"https:\/\/vocesparalelas.com.ar\/sitio\/?p=84050"},"modified":"2025-03-20T22:16:32","modified_gmt":"2025-03-21T01:16:32","slug":"se-lanzo-el-programa-trabajando-suenos-para-la-insercion-laboral-de-personas-con-discapacidad-en-san-juan","status":"publish","type":"post","link":"https:\/\/vocesparalelas.com.ar\/sitio\/se-lanzo-el-programa-trabajando-suenos-para-la-insercion-laboral-de-personas-con-discapacidad-en-san-juan\/","title":{"rendered":"Se lanz\u00f3 el Programa \u201cTrabajando Sue\u00f1os\u201d para la inserci\u00f3n laboral de personas con discapacidad en San Juan"},"content":{"rendered":"<p>En el Sal\u00f3n Cruce de los Andes, el gobernador de San Juan, Dr. Marcelo Orrego presidi\u00f3 el lanzamiento del programa de entrenamiento e inclusi\u00f3n laboral \u201cTrabajando Sue\u00f1os\u201d, impulsado por el Ministerio de Familia y Desarrollo Humano.<\/p>\n<p>La iniciativa tiene como objetivo capacitar a personas con discapacidad para su posterior inserci\u00f3n en empresas de San Juan que se sumaron al programa a cambio de beneficios impositivos.<\/p>\n<p><img loading=\"lazy\" decoding=\"async\" class=\"alignnone size-full wp-image-84054\" src=\"https:\/\/vocesparalelas.com.ar\/sitio\/wp-content\/uploads\/2025\/03\/ORREGO-PROGRAMA-01.jpg\" alt=\"\" width=\"800\" height=\"450\" srcset=\"https:\/\/vocesparalelas.com.ar\/sitio\/wp-content\/uploads\/2025\/03\/ORREGO-PROGRAMA-01.jpg 800w, https:\/\/vocesparalelas.com.ar\/sitio\/wp-content\/uploads\/2025\/03\/ORREGO-PROGRAMA-01-300x169.jpg 300w, https:\/\/vocesparalelas.com.ar\/sitio\/wp-content\/uploads\/2025\/03\/ORREGO-PROGRAMA-01-768x432.jpg 768w\" sizes=\"auto, (max-width: 800px) 100vw, 800px\" \/><\/p>\n<p>Es as\u00ed que, el Gobernador de San Juan, Dr. Marcelo Orrego remarc\u00f3 que \u00abcon la premisa de abrir caminos para que las personas con discapacidad puedan acceder al \u00e1mbito laboral, hoy lanzamos este programa. Quiero resaltar que ya tuvimos una experiencia similar muy exitosa en las colonias de verano, con grandes resultados. El camino hacia una verdadera inclusi\u00f3n implica tender puentes y generar oportunidades laborales. Muchas veces, desde distintas empresas u organismos, existen miedos, desconocimiento y estereotipos que dificultan que las personas con discapacidad puedan acceder a un trabajo digno, lo que impacta directamente en su autoestima. Por eso, agradezco a las empresas y organismos estatales que se suman a esta iniciativa para avanzar juntos hacia una sociedad m\u00e1s justa e igualitaria\u201d.<\/p>\n<p>Luego, el el ministro de Familia y Desarrollo Humano, Prof. Carlos Platero subray\u00f3 que \u00abes un placer contar con la presencia de tantos empresarios y comerciantes que se suman a este programa de inclusi\u00f3n. Hemos iniciado un camino s\u00f3lido en materia de discapacidad y queremos redoblar esfuerzos para llegar a m\u00e1s sanjuaninos\u201d.<\/p>\n<p>En la misma l\u00ednea, la titular de la Direcci\u00f3n de Personas con Discapacidad, Lic. Paula Moreno puntualiz\u00f3 que \u00abllevamos m\u00e1s de un a\u00f1o trabajando en este programa, cuyo principal objetivo es acompa\u00f1ar a las personas con discapacidad en su vida adulta. Existen diversas acciones que los asisten en la ni\u00f1ez y la juventud, pero era fundamental enfocarnos en su desarrollo laboral y en la articulaci\u00f3n entre el Estado y el sector privado\u201d.<\/p>\n<p>Las empresas que adhieran puedan incorporar a personas de entre 18 a 55 a\u00f1os con Certificado \u00danico de Discapacidad &#8211; CUD &#8211; vigente, que ya est\u00e9n inscriptas en la base de datos de la Provincia de San Juan para la inclusi\u00f3n laboral. A cambio, acceder\u00e1n a beneficios impositivos contemplados en la legislaci\u00f3n nacional.<\/p>\n<p>El proceso de selecci\u00f3n incluye la identificaci\u00f3n de perfiles, entrevistas laborales y una evaluaci\u00f3n de habilidades y competencias para cada puesto. Quienes sean seleccionados recibir\u00e1n un subsidio econ\u00f3mico durante seis meses, otorgado por la Direcci\u00f3n de Personas con Discapacidad.<\/p>\n<p>Adem\u00e1s, mientras el beneficiario desempe\u00f1e su rol en la empresa u organismo estatal, cuenta con el acompa\u00f1amiento de un preparador laboral. Al finalizar el per\u00edodo de entrenamiento, recibe una certificaci\u00f3n que acredita los conocimientos adquiridos.<\/p>\n<p>El encuentro tambi\u00e9n cont\u00f3 con la participaci\u00f3n del subsecretario de Desarrollo Social, Miguel Blanquier; el equipo t\u00e9cnico del Ministerio de Familia y Desarrollo Humano y referentes de empresas sanjuaninas.<\/p>\n<p><img loading=\"lazy\" decoding=\"async\" class=\"alignnone size-full wp-image-48977\" src=\"https:\/\/vocesparalelas.com.ar\/sitio\/wp-content\/uploads\/2022\/05\/DISCAPACIDAD-LEY-01.jpg\" alt=\"\" width=\"800\" height=\"533\" srcset=\"https:\/\/vocesparalelas.com.ar\/sitio\/wp-content\/uploads\/2022\/05\/DISCAPACIDAD-LEY-01.jpg 800w, https:\/\/vocesparalelas.com.ar\/sitio\/wp-content\/uploads\/2022\/05\/DISCAPACIDAD-LEY-01-300x200.jpg 300w, https:\/\/vocesparalelas.com.ar\/sitio\/wp-content\/uploads\/2022\/05\/DISCAPACIDAD-LEY-01-768x512.jpg 768w\" sizes=\"auto, (max-width: 800px) 100vw, 800px\" \/><\/p>\n","protected":false},"excerpt":{"rendered":"<p>En el Sal\u00f3n Cruce de los Andes, el gobernador de San Juan, Dr. Marcelo Orrego presidi\u00f3 el lanzamiento del programa<\/p>\n","protected":false},"author":3,"featured_media":84053,"comment_status":"closed","ping_status":"closed","sticky":false,"template":"","format":"standard","meta":{"_acf_changed":false,"_seopress_robots_primary_cat":"none","_seopress_titles_title":"","_seopress_titles_desc":"","_seopress_robots_index":"","colormag_page_container_layout":"default_layout","colormag_page_sidebar_layout":"default_layout","footnotes":""},"categories":[2],"tags":[],"class_list":["post-84050","post","type-post","status-publish","format-standard","has-post-thumbnail","hentry","category-convocatorias"],"acf":[],"_links":{"self":[{"href":"https:\/\/vocesparalelas.com.ar\/sitio\/wp-json\/wp\/v2\/posts\/84050","targetHints":{"allow":["GET"]}}],"collection":[{"href":"https:\/\/vocesparalelas.com.ar\/sitio\/wp-json\/wp\/v2\/posts"}],"about":[{"href":"https:\/\/vocesparalelas.com.ar\/sitio\/wp-json\/wp\/v2\/types\/post"}],"author":[{"embeddable":true,"href":"https:\/\/vocesparalelas.com.ar\/sitio\/wp-json\/wp\/v2\/users\/3"}],"replies":[{"embeddable":true,"href":"https:\/\/vocesparalelas.com.ar\/sitio\/wp-json\/wp\/v2\/comments?post=84050"}],"version-history":[{"count":3,"href":"https:\/\/vocesparalelas.com.ar\/sitio\/wp-json\/wp\/v2\/posts\/84050\/revisions"}],"predecessor-version":[{"id":84057,"href":"https:\/\/vocesparalelas.com.ar\/sitio\/wp-json\/wp\/v2\/posts\/84050\/revisions\/84057"}],"wp:featuredmedia":[{"embeddable":true,"href":"https:\/\/vocesparalelas.com.ar\/sitio\/wp-json\/wp\/v2\/media\/84053"}],"wp:attachment":[{"href":"https:\/\/vocesparalelas.com.ar\/sitio\/wp-json\/wp\/v2\/media?parent=84050"}],"wp:term":[{"taxonomy":"category","embeddable":true,"href":"https:\/\/vocesparalelas.com.ar\/sitio\/wp-json\/wp\/v2\/categories?post=84050"},{"taxonomy":"post_tag","embeddable":true,"href":"https:\/\/vocesparalelas.com.ar\/sitio\/wp-json\/wp\/v2\/tags?post=84050"}],"curies":[{"name":"wp","href":"https:\/\/api.w.org\/{rel}","templated":true}]}}