{"id":84044,"date":"2025-03-19T13:28:31","date_gmt":"2025-03-19T16:28:31","guid":{"rendered":"https:\/\/vocesparalelas.com.ar\/sitio\/?p=84044"},"modified":"2025-03-19T13:28:31","modified_gmt":"2025-03-19T16:28:31","slug":"se-inicio-la-obra-de-pavimentacion-de-la-arteria-vehicular-alfonso-xiii-departamento-rawson-en-san-juan","status":"publish","type":"post","link":"https:\/\/vocesparalelas.com.ar\/sitio\/se-inicio-la-obra-de-pavimentacion-de-la-arteria-vehicular-alfonso-xiii-departamento-rawson-en-san-juan\/","title":{"rendered":"Se inici\u00f3 la obra de pavimentaci\u00f3n de la arteria vehicular Alfonso XIII, Departamento Rawson en San Juan"},"content":{"rendered":"<p>El Gobierno de San Juan apunta a mejorar la seguridad y la circulaci\u00f3n en una arteria fundamental del Departamento Rawson.\u00a0Es as\u00ed que, el gobernador de San Juan, Dr. Marcelo Orrego presidi\u00f3 el inicio de las obras de pavimentaci\u00f3n, en un tramo clave del departamento Rawson, en Alfonso XIII. De esta manera, contin\u00faa en marcha el plan de gesti\u00f3n de realizar obras que beneficien a los usuarios y vecinos.<\/p>\n<p>Acompa\u00f1aron al gobernador, el ministro de Infraestructura, Agua y Energ\u00eda, Arq. Fernando Perea y el director de Vialidad Provincial, Ing. Omar Lucero.<\/p>\n<p>Comenz\u00f3 oficialmente la pavimentaci\u00f3n una zona de la Localidad M\u00e9dano de Oro, Departamento tras haber sufrido importantes deformaciones que se agravaron con el tiempo. Esta obra se ejecuta con fondos provinciales y est\u00e1 a cargo de la Direcci\u00f3n Provincial de Vialidad.<\/p>\n<p>Por ello, el gobernador, Dr. Marcelo Orrego destac\u00f3 que \u00abes un hecho hist\u00f3rico, que beneficiar\u00e1 a miles vecinos y tr\u00e1nsito vehicular en el Departamento Rawson. Esta obras, lo que hacemos es darle mejor seguridad a la persona, mejor conectividad y mejor calidad de vida\u201d.<\/p>\n<p>Cabe recordar que, la arteria representa un alto el peligro por ser muy transitada y se encuentra en malas condiciones f\u00edsicas. Para prevenir siniestros y luego de evaluar el comportamiento del suelo, se determin\u00f3 que la zona se encuentra estabilizada y se dio inicio a las tareas de construcci\u00f3n.<\/p>\n<p>Actualmente, se est\u00e1 llevando a cabo la remoci\u00f3n del paquete estructural antiguo para luego ejecutar una nueva sub base y base. En la siguiente fase, se procede a la colocaci\u00f3n de la carpeta asf\u00e1ltica.<\/p>\n<p><img loading=\"lazy\" decoding=\"async\" class=\"alignnone size-full wp-image-84048\" src=\"https:\/\/vocesparalelas.com.ar\/sitio\/wp-content\/uploads\/2025\/03\/ORREGO-PAVIMENTACION-02.jpg\" alt=\"\" width=\"800\" height=\"535\" srcset=\"https:\/\/vocesparalelas.com.ar\/sitio\/wp-content\/uploads\/2025\/03\/ORREGO-PAVIMENTACION-02.jpg 800w, https:\/\/vocesparalelas.com.ar\/sitio\/wp-content\/uploads\/2025\/03\/ORREGO-PAVIMENTACION-02-300x201.jpg 300w, https:\/\/vocesparalelas.com.ar\/sitio\/wp-content\/uploads\/2025\/03\/ORREGO-PAVIMENTACION-02-768x514.jpg 768w\" sizes=\"auto, (max-width: 800px) 100vw, 800px\" \/><\/p>\n","protected":false},"excerpt":{"rendered":"<p>El Gobierno de San Juan apunta a mejorar la seguridad y la circulaci\u00f3n en una arteria fundamental del Departamento Rawson.\u00a0Es<\/p>\n","protected":false},"author":3,"featured_media":84047,"comment_status":"closed","ping_status":"closed","sticky":false,"template":"","format":"standard","meta":{"_acf_changed":false,"_seopress_robots_primary_cat":"none","_seopress_titles_title":"","_seopress_titles_desc":"","_seopress_robots_index":"","colormag_page_container_layout":"default_layout","colormag_page_sidebar_layout":"default_layout","footnotes":""},"categories":[1],"tags":[],"class_list":["post-84044","post","type-post","status-publish","format-standard","has-post-thumbnail","hentry","category-destacadas"],"acf":[],"_links":{"self":[{"href":"https:\/\/vocesparalelas.com.ar\/sitio\/wp-json\/wp\/v2\/posts\/84044","targetHints":{"allow":["GET"]}}],"collection":[{"href":"https:\/\/vocesparalelas.com.ar\/sitio\/wp-json\/wp\/v2\/posts"}],"about":[{"href":"https:\/\/vocesparalelas.com.ar\/sitio\/wp-json\/wp\/v2\/types\/post"}],"author":[{"embeddable":true,"href":"https:\/\/vocesparalelas.com.ar\/sitio\/wp-json\/wp\/v2\/users\/3"}],"replies":[{"embeddable":true,"href":"https:\/\/vocesparalelas.com.ar\/sitio\/wp-json\/wp\/v2\/comments?post=84044"}],"version-history":[{"count":1,"href":"https:\/\/vocesparalelas.com.ar\/sitio\/wp-json\/wp\/v2\/posts\/84044\/revisions"}],"predecessor-version":[{"id":84049,"href":"https:\/\/vocesparalelas.com.ar\/sitio\/wp-json\/wp\/v2\/posts\/84044\/revisions\/84049"}],"wp:featuredmedia":[{"embeddable":true,"href":"https:\/\/vocesparalelas.com.ar\/sitio\/wp-json\/wp\/v2\/media\/84047"}],"wp:attachment":[{"href":"https:\/\/vocesparalelas.com.ar\/sitio\/wp-json\/wp\/v2\/media?parent=84044"}],"wp:term":[{"taxonomy":"category","embeddable":true,"href":"https:\/\/vocesparalelas.com.ar\/sitio\/wp-json\/wp\/v2\/categories?post=84044"},{"taxonomy":"post_tag","embeddable":true,"href":"https:\/\/vocesparalelas.com.ar\/sitio\/wp-json\/wp\/v2\/tags?post=84044"}],"curies":[{"name":"wp","href":"https:\/\/api.w.org\/{rel}","templated":true}]}}