{"id":84011,"date":"2025-03-19T10:46:11","date_gmt":"2025-03-19T13:46:11","guid":{"rendered":"https:\/\/vocesparalelas.com.ar\/sitio\/?p=84011"},"modified":"2025-03-20T21:09:13","modified_gmt":"2025-03-21T00:09:13","slug":"instituciones-de-educacion-no-formal-habilitados-en-san-juan","status":"publish","type":"post","link":"https:\/\/vocesparalelas.com.ar\/sitio\/instituciones-de-educacion-no-formal-habilitados-en-san-juan\/","title":{"rendered":"Instituciones de educaci\u00f3n no formal habilitados en San Juan"},"content":{"rendered":"<p>La Direcci\u00f3n de Educaci\u00f3n Privada del Ministerio de Educaci\u00f3n del Gobierno de San Juan da a conocer las instituciones de educaci\u00f3n no formal que se encuentran en funcionamiento y habilitadas, como tambi\u00e9n las que est\u00e1n con tr\u00e1mite avanzado en el proceso de habilitaci\u00f3n.<\/p>\n<p>Las instituciones, con las exigencias y documentaci\u00f3n exigidas, pertenecen a distintas \u00e1reas como art\u00edsticas, laborales y de idiomas.<\/p>\n<p>Ante cualquier duda o inquietud, se recomienda comunicarse al 4305778 de 8 a 13 o consultar en la Direcci\u00f3n de Educaci\u00f3n Privada del Ministerio de Educaci\u00f3n, en el segundo piso del Centro C\u00edvico.<\/p>\n<p><span style=\"color: #ff6600;\"><strong>AREA ART\u00cdSTICA<\/strong><\/span><\/p>\n<ul>\n<li>Allegro, Instituto de Danzas: Manuel Zavalla Norte, 265. Rivadavia<\/li>\n<li>Instituto de Danzas Andaluc\u00eda: Pueyrred\u00f3n Sur, 282. (esquina Mitre) Capital.<\/li>\n<li>Instituto de Danzas Ballerinas: Mendoza Sur 1081. Capital.<\/li>\n<li>Studio Ballet: Av. Rioja Norte 489 &#8211; Capital<\/li>\n<li>Estudio Bellart Joaqu\u00edn: V. Gonz\u00e1lez Sur, 127. Rivadavia.<\/li>\n<li>BM Estudio de Danza: Sarmiento 2216. Albard\u00f3n<\/li>\n<li>Instituto Bon Danzares: Rep\u00fablica del L\u00edbano Oeste 3105 &#8211; Rivadavia<\/li>\n<li>Instituto de Danzas Cadish: Valenzuela Varas Oeste 5659 . Barrio Camus. Rivadavia.<\/li>\n<li>Instituto de Danzas C\u00e1diz: Av Espa\u00f1a Sur 1148 &#8211; Capital<\/li>\n<li>Centro de Danza Granada: Av. Sarmiento 1951 \u2013 Santa Luc\u00eda<\/li>\n<li>Centro Integral del Movimiento (CIM): Pic\u00f3n antes de calle 11. Centro Comercial del Oeste- Villa Aberastain \u2013 Pocito<\/li>\n<li>Centro Valenciano: Gral. Mariano Acha Sur 2664 &#8211; Rawson<\/li>\n<li>Instituto Danser: Florentino Ameghino Sur 334 &#8211; Capital<\/li>\n<li>Instituto de Danzas Danzares: Salvador Mar\u00eda del Carril y 28 de Agosto. Albard\u00f3n<\/li>\n<li>Instituto de Esencia: Cabot 249 \u2013Caucete-<\/li>\n<li>Escuela de Danza Cl\u00e1sica Odette: Francisco N. Laprida Este 54. Altos &#8211; Capital<\/li>\n<li>Estudio de Danza y Expresi\u00f3n Teatral Coppelia: Francisco N. Laprida Oeste 126 &#8211; Capital<\/li>\n<li>Estudio Pavlova: San Luis Oeste 247 &#8211; Capital<\/li>\n<li>Instituto de Danzas Hechizo: Ameghino Sur 393 \u2013 Capital<\/li>\n<li>Instituto de Danzas Aire. Flamenco: Chile 52 Oeste &#8211; Capital<\/li>\n<li>Instituto de Arte Espa\u00f1ol y Flamenco \u201cGitana\u201d: Alem Sur 215. Capital<\/li>\n<li>Instituto de Danza Studio Uno: Santiago del Estero Sur 135. Capital<\/li>\n<li>Instituto de Danzas \u201cRoc\u00edo\u201d: Cte. Cabot Oeste 112. Rawson<\/li>\n<li>Instituto de Danzas Lorelei: Av. Libertador Gral. San Mart\u00edn 5141. Rivadavia<\/li>\n<li>Instituto de Danzas Madrid: Mendoza Norte 726. Chimbas<\/li>\n<li>Instituto Integral de Danzas Iberia: Av. C\u00f3rdoba Este 596. Capital<\/li>\n<li>JEL\u00da: Meglioli Sur 528. Rivadavia<\/li>\n<li>Instituto de Danzas Malague\u00f1a: Av. C\u00f3rdoba Oeste 2564 &#8211; Capital<\/li>\n<li>Instituto de Danzas Ohanes: Sarmiento s\/n &#8211; ANGACO<\/li>\n<li>Instituto Imperio Gitano: Rivadavia 934 (o)<\/li>\n<\/ul>\n<p><span style=\"color: #ff6600;\"><strong>DECLAMACI\u00d3N Y ARTE ESC\u00c9NICO<\/strong><\/span><\/p>\n<ul>\n<li>Estudio de Danzas y Expresi\u00f3n Teatral Coppelia: Francisco N. Laprida Oeste 126 &#8211; Capital<\/li>\n<li>Escuela de Declamaci\u00f3n y Arte Esc\u00e9nico JEL\u00dc: Meglioli Sur 528 &#8211; Rivadavia<\/li>\n<li>Esc. de Rec. y Arte Esc. Expresi\u00f3n Contempor\u00e1nea: Mendoza Sur 2211 &#8211; Rawson<\/li>\n<li>Instituto Gabriela Mistral: Caseros Sur 384 Capital<\/li>\n<li>Instituto de declamaci\u00f3n y arte esc\u00e9nico \u201cMar\u00eda Elena Walsh\u201d: Ernesto Villavicencio Mz \u00d1 casa 5 B\u00ba Bella Vista, Pocito<\/li>\n<li><strong>M\u00daSICA<\/strong><\/li>\n<li>Instituto Privado Franz Schubert: Los Alamos, Pasaje Norte 372<\/li>\n<li><strong>COMEDIA MUSICAL<\/strong><\/li>\n<li>Instituto Art\u00edstico Acapella: Tucum\u00e1n Norte 157 &#8211; Capital<\/li>\n<\/ul>\n<p><span style=\"color: #ff6600;\"><strong>AREA FORMACI\u00d3N LABORA<\/strong><\/span><\/p>\n<ul>\n<li>Instituto Aconcagua: Sta Fe Este 295. Piso 1, Capital<\/li>\n<li>Instituto Superior Cervantes: San Luis 537, Capital.<\/li>\n<li>Instituto Superior en Redes Inform\u00e1ticas I.S.R.I: Antonino Aberastain Sur 22. Capital.<\/li>\n<li>Liceo Profesional Laprida: Gral. Jos\u00e9 Mar\u00eda Paz Este 44. Capital.<\/li>\n<li>Instituto Sarmiento: B. Rivadavia Oeste 512 oeste. Capital.<\/li>\n<li>Instituto de Educaci\u00f3n Vial EMICAR: Pasteur (o) 256. Rawson.<\/li>\n<li>Instituto CIICAP: Av. Jos\u00e9 Ignacio de la Roza Este 766 &#8211; Capital<\/li>\n<li>Instituto Ram\u00f3n Carrillo Propaganda M\u00e9dica: 25 de Mayo 178 (o)<\/li>\n<li>Guardaparques San Juan: Laprida Este 631 &#8211; Capital<\/li>\n<li>Instituto AMGAA Escuela de Guardavidas: Manuel Zavala 1071(o)<\/li>\n<\/ul>\n<p><span style=\"color: #ff6600;\"><strong>AREA CATEQUISTICA<\/strong><\/span><\/p>\n<ul>\n<li>Instituto de Teolog\u00eda y Catequesis San Juan Bautista: Av. Leandro Alem s\/n<\/li>\n<\/ul>\n<p><span style=\"color: #ff6600;\"><strong>AREA IDIOMAS<\/strong><\/span><\/p>\n<ul>\n<li>Instituto de idioma Ingl\u00e9s A.S.I.C.: Sta. Fe Oeste 136 &#8211; Capital<\/li>\n<li>Instituto Bernardo Houssay: Urquiza Sur 426 -Capital<\/li>\n<li>Cambridge Institute (alumnos virtuales): Jorge Newberry Oeste 617 &#8211; Capital<\/li>\n<li>CEI (Caucete English Institute): Av. de los R\u00edos. B\u00ba I. Mza 2. Casa 18 &#8211; Caucete.<\/li>\n<li>Centro Cultural de Idiomas: Ing. Marcos Zalazar 854 LC 3 Villa Aberastain &#8211; Pocito<\/li>\n<li>Green Hills School of English: Catamarca Sur 676 &#8211; Capital<\/li>\n<li>Instituto de Ingl\u00e9s Idiomatic Center: Av. Libertador General San Mart\u00edn Oeste 1803 &#8211; Capital<\/li>\n<li>Instituto de Ingl\u00e9s Chester: Arenales 146 &#8211; Albard\u00f3n<\/li>\n<li>Instituto de Ingl\u00e9s \u201cLa Raiz\u201d: Av. Ignacio de la Roza Oeste 850 Planta Alta &#8211; Capital.<\/li>\n<li>Instituto de Idoma Integral Link: Av. Libertador Gral. San Mart\u00edn 5059<\/li>\n<li>Instituto de Lengua y Cultura Italianas Dante Alighieri: Av. Jos\u00e9 Ignacio de la Roza Oeste 1160<\/li>\n<li>Instituto de Ingl\u00e9s Lotus: Calvento Oeste 343<\/li>\n<li>Instituto de Idioma Saint John\u00b4s: Av. C\u00f3rdoba Este 225 &#8211; Capital.<\/li>\n<li>Saint Joseph\u00b4s English College: Rawson 719 &#8211; Jachal<\/li>\n<li>Instituto de Ingl\u00e9s Saint Louis: Francisco N. Laprida Oeste 348 &#8211; Capital<\/li>\n<li>Instituto de Idioma Saint Nichol\u2019s: San Juan 158 &#8211; J\u00e1chal<\/li>\n<li>Instituto de Idioma Saint Paul: Av. C\u00f3rdoba Oeste 266 &#8211; Capital<\/li>\n<li>Instituto de Idioma Saint Thomas: 9 de Julio Este 809 -Capital.<\/li>\n<li>Instituto de Idioma San Pablo: 25 de Mayo Este 430 &#8211; Capital<\/li>\n<li>Instituto de Idioma The English Language Circle (T.E.L.C.): Amable Jones Oeste 2263 &#8211; Desamparados<\/li>\n<li>Instituto The Welcome Team: Esteban Echeverr\u00eda Sur y Juan Jos\u00e9 Paso.<\/li>\n<li>Instituto de Idioma Victoria College: Av. Lib San Mart\u00edn E 216, Piso 1 &#8211; Capital.<\/li>\n<li>York English Institute: Sta. Fe Este 158 -Capital<\/li>\n<\/ul>\n<p>&nbsp;<\/p>\n<p><img loading=\"lazy\" decoding=\"async\" class=\"alignnone size-full wp-image-28629\" src=\"https:\/\/vocesparalelas.com.ar\/sitio\/wp-content\/uploads\/2020\/05\/MINISTERIO-EDUCACION-SJ.jpg\" alt=\"\" width=\"800\" height=\"533\" srcset=\"https:\/\/vocesparalelas.com.ar\/sitio\/wp-content\/uploads\/2020\/05\/MINISTERIO-EDUCACION-SJ.jpg 800w, https:\/\/vocesparalelas.com.ar\/sitio\/wp-content\/uploads\/2020\/05\/MINISTERIO-EDUCACION-SJ-300x200.jpg 300w, https:\/\/vocesparalelas.com.ar\/sitio\/wp-content\/uploads\/2020\/05\/MINISTERIO-EDUCACION-SJ-768x512.jpg 768w\" sizes=\"auto, (max-width: 800px) 100vw, 800px\" \/><\/p>\n","protected":false},"excerpt":{"rendered":"<p>La Direcci\u00f3n de Educaci\u00f3n Privada del Ministerio de Educaci\u00f3n del Gobierno de San Juan da a conocer las instituciones de<\/p>\n","protected":false},"author":3,"featured_media":37710,"comment_status":"closed","ping_status":"closed","sticky":false,"template":"","format":"standard","meta":{"_acf_changed":false,"_seopress_robots_primary_cat":"none","_seopress_titles_title":"","_seopress_titles_desc":"","_seopress_robots_index":"","colormag_page_container_layout":"default_layout","colormag_page_sidebar_layout":"default_layout","footnotes":""},"categories":[5],"tags":[],"class_list":["post-84011","post","type-post","status-publish","format-standard","has-post-thumbnail","hentry","category-ofrecimientos"],"acf":[],"_links":{"self":[{"href":"https:\/\/vocesparalelas.com.ar\/sitio\/wp-json\/wp\/v2\/posts\/84011","targetHints":{"allow":["GET"]}}],"collection":[{"href":"https:\/\/vocesparalelas.com.ar\/sitio\/wp-json\/wp\/v2\/posts"}],"about":[{"href":"https:\/\/vocesparalelas.com.ar\/sitio\/wp-json\/wp\/v2\/types\/post"}],"author":[{"embeddable":true,"href":"https:\/\/vocesparalelas.com.ar\/sitio\/wp-json\/wp\/v2\/users\/3"}],"replies":[{"embeddable":true,"href":"https:\/\/vocesparalelas.com.ar\/sitio\/wp-json\/wp\/v2\/comments?post=84011"}],"version-history":[{"count":1,"href":"https:\/\/vocesparalelas.com.ar\/sitio\/wp-json\/wp\/v2\/posts\/84011\/revisions"}],"predecessor-version":[{"id":84014,"href":"https:\/\/vocesparalelas.com.ar\/sitio\/wp-json\/wp\/v2\/posts\/84011\/revisions\/84014"}],"wp:featuredmedia":[{"embeddable":true,"href":"https:\/\/vocesparalelas.com.ar\/sitio\/wp-json\/wp\/v2\/media\/37710"}],"wp:attachment":[{"href":"https:\/\/vocesparalelas.com.ar\/sitio\/wp-json\/wp\/v2\/media?parent=84011"}],"wp:term":[{"taxonomy":"category","embeddable":true,"href":"https:\/\/vocesparalelas.com.ar\/sitio\/wp-json\/wp\/v2\/categories?post=84011"},{"taxonomy":"post_tag","embeddable":true,"href":"https:\/\/vocesparalelas.com.ar\/sitio\/wp-json\/wp\/v2\/tags?post=84011"}],"curies":[{"name":"wp","href":"https:\/\/api.w.org\/{rel}","templated":true}]}}