{"id":84003,"date":"2025-03-18T23:00:33","date_gmt":"2025-03-19T02:00:33","guid":{"rendered":"https:\/\/vocesparalelas.com.ar\/sitio\/?p=84003"},"modified":"2025-03-19T23:32:58","modified_gmt":"2025-03-20T02:32:58","slug":"el-espacio-exactas-en-marcha-tiene-los-candidatos-a-decana-dra-natalia-nunez-y-vicedecano-dr-claudio-alessio-2025-2029","status":"publish","type":"post","link":"https:\/\/vocesparalelas.com.ar\/sitio\/el-espacio-exactas-en-marcha-tiene-los-candidatos-a-decana-dra-natalia-nunez-y-vicedecano-dr-claudio-alessio-2025-2029\/","title":{"rendered":"El Espacio \u00abExactas en Marcha\u00bb tiene los candidatos a Decana Dra. Natalia Nu\u00f1ez y Vicedecano Dr. Claudio Alessio 2025 \u2013 2029"},"content":{"rendered":"<p>La Universidad Nacional de San Juan se prepara para las elecciones 2025 en Junio con la renovaci\u00f3n de autoridades en los distintos estamentos<\/p>\n<ul>\n<li>Rectorado: Rector y Vicerrector<\/li>\n<li>Facultad de Ingenier\u00eda: Decano y Vicedecano<\/li>\n<li>Facultad de Ciencias Exactas, F\u00edsicas y Naturales: Decano y Vicedecano<\/li>\n<li>Facultad de Filosof\u00eda, Humanidades y Artes: Decano y Vicedecano<\/li>\n<li>Facultad de Ciencias Sociales. Decano y Vicedecano<\/li>\n<li>Facultad de Arquitectura, Urbanismo y Dise\u00f1o: Decano y Vicedecano<\/li>\n<li>Escuela de Universitaria de Ciencias de la Salud: Director y Vicedirector<\/li>\n<\/ul>\n<p>En este tiempo se han formado distintos espacios que trabajan para armar un proyecto de Gesti\u00f3n 2025 \u2013 2029 para generar la Universidad Nacional de San Juan que buscan guiar.<\/p>\n<p>En este contexto, la Facultad de Ciencias Exactas, F\u00edsicas y Naturales de la UNSJ, ofrece el Espacio \u00abExactas en Marcha\u00bb \u00a0tiene los candidatos a Decana Dra. Natalia Nu\u00f1ez y Vicedecano Dr. Claudio Alessio 2025 \u2013 2029, quienes apuestan a fortalecer a la facultad y a la UNSJ en beneficio de la comunidad universitaria.<\/p>\n<p>Por ello, Voces Paralelas desarroll\u00f3 una entrevista period\u00edstica a la candidata a Decana Dra. Natalia Nu\u00f1ez, quien describi\u00f3 el proceso que experimentaron para llegar a esta instancia de gran desaf\u00edo.<\/p>\n<p><iframe loading=\"lazy\" title=\"UNSJ FCEFN CANDIDATA DRA NATALIA NU\u00d1EZ\" width=\"800\" height=\"450\" src=\"https:\/\/www.youtube.com\/embed\/yKz5j2ZFbLs?feature=oembed\" frameborder=\"0\" allow=\"accelerometer; autoplay; clipboard-write; encrypted-media; gyroscope; picture-in-picture; web-share\" referrerpolicy=\"strict-origin-when-cross-origin\" allowfullscreen><\/iframe><\/p>\n<p>Posteriormente, al candidato a Vicedecano Dr. Claudio Alessio, quien puntualiz\u00f3 la necesidad de fortalecer la facultad con una mirada de cambios y contenci\u00f3n de los estudiantes.<\/p>\n<p><iframe loading=\"lazy\" title=\"UNSJ FCEFN\" width=\"800\" height=\"450\" src=\"https:\/\/www.youtube.com\/embed\/TXy5--wdNVk?feature=oembed\" frameborder=\"0\" allow=\"accelerometer; autoplay; clipboard-write; encrypted-media; gyroscope; picture-in-picture; web-share\" referrerpolicy=\"strict-origin-when-cross-origin\" allowfullscreen><\/iframe><\/p>\n<p>&nbsp;<\/p>\n<p>Es importante recordar que, desde fines de Diciembre de 2024, la Dra. Natalia Nu\u00f1ez asumi\u00f3 el cargo de Decana y comenz\u00f3 a trabajar en un plan de gesti\u00f3n. Su primer objetivo fue ordenar y organizar los pendientes y reorganizar el gabinete.<\/p>\n<p>Adem\u00e1s, se aboc\u00f3 a varios proyectos clave junto con el gabinete, como:<\/p>\n<ul>\n<li>El redise\u00f1o del cursillo de ingreso<\/li>\n<li>La elaboraci\u00f3n de proyectos para acompa\u00f1ar las trayectorias formativas de estudiantes<\/li>\n<li>La preparaci\u00f3n para la evaluaci\u00f3n por pares de CONEAU<\/li>\n<li>Los inicios de la implementaci\u00f3n del plan de aseguramiento de la calidad<\/li>\n<\/ul>\n<p>Asimismo, ella y su Gabinete est\u00e1n explorando innovadoras alternativas de financiamiento para la investigaci\u00f3n.<\/p>\n<p>Se esperan profundizar esos lineamientos, el foco en el acompa\u00f1amiento de trayectorias, la b\u00fasqueda proactiva de<br \/>\nfuentes de financiamiento para la investigaci\u00f3n y la mejora de procesos que atiende a la calidad.<\/p>\n<p>En este camino, es la b\u00fasqueda ser candidatos para que la Facultad de Ciencias Exactas, F\u00edsicas y Naturales de la UNSJ pueda construir una marcha de crecimiento. Es el gran desaf\u00edo que asumieron.<\/p>\n<figure id=\"attachment_26107\" aria-describedby=\"caption-attachment-26107\" style=\"width: 800px\" class=\"wp-caption alignnone\"><img loading=\"lazy\" decoding=\"async\" class=\"size-large wp-image-26107\" src=\"https:\/\/vocesparalelas.com.ar\/sitio\/wp-content\/uploads\/2020\/01\/FCEFN-UNSJ-EDIFICIO-800x489.jpg\" alt=\"\" width=\"800\" height=\"489\" srcset=\"https:\/\/vocesparalelas.com.ar\/sitio\/wp-content\/uploads\/2020\/01\/FCEFN-UNSJ-EDIFICIO.jpg 800w, https:\/\/vocesparalelas.com.ar\/sitio\/wp-content\/uploads\/2020\/01\/FCEFN-UNSJ-EDIFICIO-300x183.jpg 300w, https:\/\/vocesparalelas.com.ar\/sitio\/wp-content\/uploads\/2020\/01\/FCEFN-UNSJ-EDIFICIO-768x469.jpg 768w\" sizes=\"auto, (max-width: 800px) 100vw, 800px\" \/><figcaption id=\"caption-attachment-26107\" class=\"wp-caption-text\">Edificio de la FCEFN de la UNSJ<\/figcaption><\/figure>\n","protected":false},"excerpt":{"rendered":"<p>La Universidad Nacional de San Juan se prepara para las elecciones 2025 en Junio con la renovaci\u00f3n de autoridades en<\/p>\n","protected":false},"author":3,"featured_media":84006,"comment_status":"closed","ping_status":"closed","sticky":false,"template":"","format":"standard","meta":{"_acf_changed":false,"_seopress_robots_primary_cat":"none","_seopress_titles_title":"","_seopress_titles_desc":"","_seopress_robots_index":"","colormag_page_container_layout":"default_layout","colormag_page_sidebar_layout":"default_layout","footnotes":""},"categories":[10,7],"tags":[],"class_list":["post-84003","post","type-post","status-publish","format-standard","has-post-thumbnail","hentry","category-opiniones","category-videos"],"acf":[],"_links":{"self":[{"href":"https:\/\/vocesparalelas.com.ar\/sitio\/wp-json\/wp\/v2\/posts\/84003","targetHints":{"allow":["GET"]}}],"collection":[{"href":"https:\/\/vocesparalelas.com.ar\/sitio\/wp-json\/wp\/v2\/posts"}],"about":[{"href":"https:\/\/vocesparalelas.com.ar\/sitio\/wp-json\/wp\/v2\/types\/post"}],"author":[{"embeddable":true,"href":"https:\/\/vocesparalelas.com.ar\/sitio\/wp-json\/wp\/v2\/users\/3"}],"replies":[{"embeddable":true,"href":"https:\/\/vocesparalelas.com.ar\/sitio\/wp-json\/wp\/v2\/comments?post=84003"}],"version-history":[{"count":4,"href":"https:\/\/vocesparalelas.com.ar\/sitio\/wp-json\/wp\/v2\/posts\/84003\/revisions"}],"predecessor-version":[{"id":84010,"href":"https:\/\/vocesparalelas.com.ar\/sitio\/wp-json\/wp\/v2\/posts\/84003\/revisions\/84010"}],"wp:featuredmedia":[{"embeddable":true,"href":"https:\/\/vocesparalelas.com.ar\/sitio\/wp-json\/wp\/v2\/media\/84006"}],"wp:attachment":[{"href":"https:\/\/vocesparalelas.com.ar\/sitio\/wp-json\/wp\/v2\/media?parent=84003"}],"wp:term":[{"taxonomy":"category","embeddable":true,"href":"https:\/\/vocesparalelas.com.ar\/sitio\/wp-json\/wp\/v2\/categories?post=84003"},{"taxonomy":"post_tag","embeddable":true,"href":"https:\/\/vocesparalelas.com.ar\/sitio\/wp-json\/wp\/v2\/tags?post=84003"}],"curies":[{"name":"wp","href":"https:\/\/api.w.org\/{rel}","templated":true}]}}