{"id":83998,"date":"2025-03-18T19:38:19","date_gmt":"2025-03-18T22:38:19","guid":{"rendered":"https:\/\/vocesparalelas.com.ar\/sitio\/?p=83998"},"modified":"2025-03-20T00:34:56","modified_gmt":"2025-03-20T03:34:56","slug":"experiencias-desafios-para-la-profesionalizacion-de-la-administracion-publica-inteligencia-artificial-y-cooperacion-publica-privada","status":"publish","type":"post","link":"https:\/\/vocesparalelas.com.ar\/sitio\/experiencias-desafios-para-la-profesionalizacion-de-la-administracion-publica-inteligencia-artificial-y-cooperacion-publica-privada\/","title":{"rendered":"Experiencias \u201cDesaf\u00edos para la profesionalizaci\u00f3n de la Administraci\u00f3n P\u00fablica: Inteligencia Artificial y cooperaci\u00f3n p\u00fablica privada\u201d"},"content":{"rendered":"<p>El Jueves, 20 de Marzo, de 17 a 19 horas, en la sala Emar Acosta del Anexo de la Legislatura se desarrolla el panel de experiencias \u201cDesaf\u00edos para la profesionalizaci\u00f3n de la Administraci\u00f3n P\u00fablica: Inteligencia Artificial y cooperaci\u00f3n p\u00fablica privada\u201d.<\/p>\n<p>En caso de no poder asistir de forma presencial se puede acceder a la charla de forma virtual por el Canal de YouTube<\/p>\n<p><a href=\"https:\/\/youtube.com\/live\/k3qvxeWFNsY?feature=share\">https:\/\/youtube.com\/live\/k3qvxeWFNsY?feature=share<\/a><\/p>\n<p>Inscripci\u00f3n<\/p>\n<p>Es sin costo por formulario de google<\/p>\n<p><a href=\"https:\/\/docs.google.com\/forms\/d\/e\/1FAIpQLSfpZzPCiaVG4_efdM4O34yBdOgmcsH6O2X6STfFBWA7hqJGqQ\/viewform\">https:\/\/docs.google.com\/forms\/d\/e\/1FAIpQLSfpZzPCiaVG4_efdM4O34yBdOgmcsH6O2X6STfFBWA7hqJGqQ\/viewform<\/a><\/p>\n<p>Se otorga certificaci\u00f3n de participaci\u00f3n.<\/p>\n<p>Los objetivos de esta actividad consisten en plantearse preguntas y posibles caminos necesarios para los desaf\u00edos que atraviesa el \u00e1mbito p\u00fablico, tomando como eje la IA y la cooperaci\u00f3n p\u00fablica privada; y tambi\u00e9n, mostrar que existen organizaciones preocupadas y ocupadas en analizar, dialogar e investigar sobre la complejidad que plantean estos temas.<\/p>\n<p><span style=\"color: #800080;\"><strong>Temario<\/strong><\/span><\/p>\n<ul>\n<li>\u00abEl impulso de la transformaci\u00f3n digital mediante consorcios p\u00fablico-privados. Experiencias comparadas\u00bb, a cargo del Mg. Gonzalo Dieguez (Ginegra &#8211; CCAG).<\/li>\n<li>\u201cUna mirada Integral para el fortalecimiento de la Administraci\u00f3n P\u00fablica\u201d, a cargo del Dr. Diego Pando (Bs. As. \u2013 AAEA)<\/li>\n<li>\u201cIA en la Administraci\u00f3n P\u00fablica\u201d, a cargo de Mg. Mauro Solano (Bs. As. \u2013 CIPPEC)<\/li>\n<li>\u201cCompetencias cr\u00edticas para los desaf\u00edos actuales\u201d, a cargo del Mg. David Martin (UCCuyo- San Juan)<\/li>\n<li>\u201cProfesionalizaci\u00f3n de la administraci\u00f3n p\u00fablica en el Gobierno de San Juan\u201d, a cargo del Lic. Emilio Achem, secretario General de Gobierno \u2013 San Juan.<\/li>\n<\/ul>\n<p>Cabe se\u00f1alar que esta iniciativa, organizada por la Facultad de Filosof\u00eda y Humanidades de la Universidad Cat\u00f3lica de Cuyo. Est\u00e1 articulada y coordinada por la C\u00e1mara de Diputados de San Juan. Adem\u00e1s, adhieren las siguientes organizaciones: Centro de Implementaci\u00f3n de Pol\u00edticas P\u00fablicas para la Equidad y el Crecimiento &#8211; CIPPEC -; la Asociaci\u00f3n Argentina de Estudios de Administraci\u00f3n P\u00fablica; el Center For Advocacy and Global Growth (CAGG).<\/p>\n<p><img loading=\"lazy\" decoding=\"async\" class=\"alignnone size-full wp-image-44316\" src=\"https:\/\/vocesparalelas.com.ar\/sitio\/wp-content\/uploads\/2021\/11\/CDSJ-ANEXO-10.jpg\" alt=\"\" width=\"736\" height=\"409\" srcset=\"https:\/\/vocesparalelas.com.ar\/sitio\/wp-content\/uploads\/2021\/11\/CDSJ-ANEXO-10.jpg 736w, https:\/\/vocesparalelas.com.ar\/sitio\/wp-content\/uploads\/2021\/11\/CDSJ-ANEXO-10-300x167.jpg 300w\" sizes=\"auto, (max-width: 736px) 100vw, 736px\" \/><\/p>\n<p>&nbsp;<\/p>\n","protected":false},"excerpt":{"rendered":"<p>El Jueves, 20 de Marzo, de 17 a 19 horas, en la sala Emar Acosta del Anexo de la Legislatura<\/p>\n","protected":false},"author":3,"featured_media":24712,"comment_status":"closed","ping_status":"closed","sticky":false,"template":"","format":"standard","meta":{"_acf_changed":false,"_seopress_robots_primary_cat":"none","_seopress_titles_title":"","_seopress_titles_desc":"","_seopress_robots_index":"","colormag_page_container_layout":"default_layout","colormag_page_sidebar_layout":"default_layout","footnotes":""},"categories":[9],"tags":[],"class_list":["post-83998","post","type-post","status-publish","format-standard","has-post-thumbnail","hentry","category-cursos"],"acf":[],"_links":{"self":[{"href":"https:\/\/vocesparalelas.com.ar\/sitio\/wp-json\/wp\/v2\/posts\/83998","targetHints":{"allow":["GET"]}}],"collection":[{"href":"https:\/\/vocesparalelas.com.ar\/sitio\/wp-json\/wp\/v2\/posts"}],"about":[{"href":"https:\/\/vocesparalelas.com.ar\/sitio\/wp-json\/wp\/v2\/types\/post"}],"author":[{"embeddable":true,"href":"https:\/\/vocesparalelas.com.ar\/sitio\/wp-json\/wp\/v2\/users\/3"}],"replies":[{"embeddable":true,"href":"https:\/\/vocesparalelas.com.ar\/sitio\/wp-json\/wp\/v2\/comments?post=83998"}],"version-history":[{"count":2,"href":"https:\/\/vocesparalelas.com.ar\/sitio\/wp-json\/wp\/v2\/posts\/83998\/revisions"}],"predecessor-version":[{"id":84002,"href":"https:\/\/vocesparalelas.com.ar\/sitio\/wp-json\/wp\/v2\/posts\/83998\/revisions\/84002"}],"wp:featuredmedia":[{"embeddable":true,"href":"https:\/\/vocesparalelas.com.ar\/sitio\/wp-json\/wp\/v2\/media\/24712"}],"wp:attachment":[{"href":"https:\/\/vocesparalelas.com.ar\/sitio\/wp-json\/wp\/v2\/media?parent=83998"}],"wp:term":[{"taxonomy":"category","embeddable":true,"href":"https:\/\/vocesparalelas.com.ar\/sitio\/wp-json\/wp\/v2\/categories?post=83998"},{"taxonomy":"post_tag","embeddable":true,"href":"https:\/\/vocesparalelas.com.ar\/sitio\/wp-json\/wp\/v2\/tags?post=83998"}],"curies":[{"name":"wp","href":"https:\/\/api.w.org\/{rel}","templated":true}]}}