{"id":83992,"date":"2025-03-18T20:11:26","date_gmt":"2025-03-18T23:11:26","guid":{"rendered":"https:\/\/vocesparalelas.com.ar\/sitio\/?p=83992"},"modified":"2025-03-20T20:47:50","modified_gmt":"2025-03-20T23:47:50","slug":"tercera-sesion-extraordinaria-de-la-camara-de-diputados-de-san-juan","status":"publish","type":"post","link":"https:\/\/vocesparalelas.com.ar\/sitio\/tercera-sesion-extraordinaria-de-la-camara-de-diputados-de-san-juan\/","title":{"rendered":"Tercera Sesi\u00f3n Extraordinaria de la C\u00e1mara de Diputados de San Juan"},"content":{"rendered":"<p>Los diputados integrantes de la Comisi\u00f3n Permanente de la C\u00e1mara de Diputados de San Juan se reunieron con el vicegobernador Dr. Fabi\u00e1n Mart\u00edn para definir el temario del orden del d\u00eda de la Tercera Sesi\u00f3n Extraordinaria a realizarse el Jueves, 20 de Marzo, a las 9 horas.<\/p>\n<p><img loading=\"lazy\" decoding=\"async\" class=\"alignnone size-full wp-image-83996\" src=\"https:\/\/vocesparalelas.com.ar\/sitio\/wp-content\/uploads\/2025\/03\/CDSJ-COMISION-PERMANETE.jpg\" alt=\"\" width=\"800\" height=\"514\" srcset=\"https:\/\/vocesparalelas.com.ar\/sitio\/wp-content\/uploads\/2025\/03\/CDSJ-COMISION-PERMANETE.jpg 800w, https:\/\/vocesparalelas.com.ar\/sitio\/wp-content\/uploads\/2025\/03\/CDSJ-COMISION-PERMANETE-300x193.jpg 300w, https:\/\/vocesparalelas.com.ar\/sitio\/wp-content\/uploads\/2025\/03\/CDSJ-COMISION-PERMANETE-768x493.jpg 768w\" sizes=\"auto, (max-width: 800px) 100vw, 800px\" \/><\/p>\n<p>Por ello, Voces Paralelas desarroll\u00f3 una entrevista period\u00edstica al Diputado Dr. Juan de la Cruz C\u00f3rdoba, quien explic\u00f3 el motivo del trabajo de la Comisi\u00f3n Permanente de la C\u00e1mara de Diputados de San Juan.<\/p>\n<p><iframe loading=\"lazy\" title=\"CDSJ DR\" width=\"800\" height=\"450\" src=\"https:\/\/www.youtube.com\/embed\/2jr0FA8l_tA?feature=oembed\" frameborder=\"0\" allow=\"accelerometer; autoplay; clipboard-write; encrypted-media; gyroscope; picture-in-picture; web-share\" referrerpolicy=\"strict-origin-when-cross-origin\" allowfullscreen><\/iframe><\/p>\n<p>&nbsp;<\/p>\n<p>En la ocasi\u00f3n, acordaron tratar en la sesi\u00f3n los siguientes asuntos:<\/p>\n<ul>\n<li>Comunicaci\u00f3n oficial remitida por el Poder Ejecutivo, por la que env\u00eda para su aprobaci\u00f3n la Ley de Necesidad y Urgencia 2741-P, por la que declara el estado de emergencia clim\u00e1tica en los departamentos afectados de la provincia.<\/li>\n<li>Comunicaci\u00f3n oficial remitida por el Poder Judicial, por el que eleva renuncia de la Dra. Beatriz Josefina Gil al cargo de Fiscal de Primera Instancia.<\/li>\n<li>Proyecto de Resoluci\u00f3n presentado por el interbloque Cambia San Juan, por el que se declara de inter\u00e9s el 2\u00ba Raid Latinoamericano de Hermandad, que se lleva a cabo en la provincia de San Juan.<\/li>\n<li>Proyecto de Resoluci\u00f3n presentado por el interbloque Cambia San Juan, por el que se declara de inter\u00e9s la IX Jornada Regional de Estudiantes de Ingenier\u00eda Civil (JOREIC) Regi\u00f3n Oeste- San Juan 2025.<\/li>\n<li>Proyecto de Resoluci\u00f3n presentado por el interbloque Cambia San Juan, por el que se declara de inter\u00e9s el Concierto de la Am\u00e9rica 2025- 10\u00ba Edici\u00f3n.<\/li>\n<li>Proyecto de Resoluci\u00f3n presentado por el interbloque Cambia San Juan, por el que se declara de inter\u00e9s el Seminario S\u00edmbolos Patrios y Log\u00edstica Protocolar.<\/li>\n<\/ul>\n<p>La reuni\u00f3n tuvo lugar en el cuarto piso del edificio Anexo. Estuvo presente adem\u00e1s del presidente de la C\u00e1mara de Diputados, Dr. Fabi\u00e1n Mart\u00edn, el secretario Legislativo, Dr. Gustavo Velert. Tambi\u00e9n participaron los diputados Enzo Cornejo, Fernando Patinella, Gustavo Usin, Federico Rizo, Mario Herrero, Gustavo N\u00fa\u00f1ez, Pedro Albagli, Stella Caparr\u00f3s, Sonia Ferreyra, Emilio Escudero, M\u00f3nica Gonz\u00e1lez, Dr. Juan de la Cruz C\u00f3rdoba y Lic. Mar\u00eda Rita Lascano.<\/p>\n<figure id=\"attachment_37951\" aria-describedby=\"caption-attachment-37951\" style=\"width: 800px\" class=\"wp-caption alignnone\"><img loading=\"lazy\" decoding=\"async\" class=\"size-full wp-image-37951\" src=\"https:\/\/vocesparalelas.com.ar\/sitio\/wp-content\/uploads\/2021\/05\/CAMARA-EDIFICIO.jpg\" alt=\"\" width=\"800\" height=\"515\" srcset=\"https:\/\/vocesparalelas.com.ar\/sitio\/wp-content\/uploads\/2021\/05\/CAMARA-EDIFICIO.jpg 800w, https:\/\/vocesparalelas.com.ar\/sitio\/wp-content\/uploads\/2021\/05\/CAMARA-EDIFICIO-300x193.jpg 300w, https:\/\/vocesparalelas.com.ar\/sitio\/wp-content\/uploads\/2021\/05\/CAMARA-EDIFICIO-768x494.jpg 768w\" sizes=\"auto, (max-width: 800px) 100vw, 800px\" \/><figcaption id=\"caption-attachment-37951\" class=\"wp-caption-text\">Legislatura Provincial de San Juan, Rep\u00fablica Argentina<\/figcaption><\/figure>\n","protected":false},"excerpt":{"rendered":"<p>Los diputados integrantes de la Comisi\u00f3n Permanente de la C\u00e1mara de Diputados de San Juan se reunieron con el vicegobernador<\/p>\n","protected":false},"author":3,"featured_media":83995,"comment_status":"closed","ping_status":"closed","sticky":false,"template":"","format":"standard","meta":{"_acf_changed":false,"_seopress_robots_primary_cat":"none","_seopress_titles_title":"","_seopress_titles_desc":"","_seopress_robots_index":"","colormag_page_container_layout":"default_layout","colormag_page_sidebar_layout":"default_layout","footnotes":""},"categories":[1,7],"tags":[],"class_list":["post-83992","post","type-post","status-publish","format-standard","has-post-thumbnail","hentry","category-destacadas","category-videos"],"acf":[],"_links":{"self":[{"href":"https:\/\/vocesparalelas.com.ar\/sitio\/wp-json\/wp\/v2\/posts\/83992","targetHints":{"allow":["GET"]}}],"collection":[{"href":"https:\/\/vocesparalelas.com.ar\/sitio\/wp-json\/wp\/v2\/posts"}],"about":[{"href":"https:\/\/vocesparalelas.com.ar\/sitio\/wp-json\/wp\/v2\/types\/post"}],"author":[{"embeddable":true,"href":"https:\/\/vocesparalelas.com.ar\/sitio\/wp-json\/wp\/v2\/users\/3"}],"replies":[{"embeddable":true,"href":"https:\/\/vocesparalelas.com.ar\/sitio\/wp-json\/wp\/v2\/comments?post=83992"}],"version-history":[{"count":1,"href":"https:\/\/vocesparalelas.com.ar\/sitio\/wp-json\/wp\/v2\/posts\/83992\/revisions"}],"predecessor-version":[{"id":83997,"href":"https:\/\/vocesparalelas.com.ar\/sitio\/wp-json\/wp\/v2\/posts\/83992\/revisions\/83997"}],"wp:featuredmedia":[{"embeddable":true,"href":"https:\/\/vocesparalelas.com.ar\/sitio\/wp-json\/wp\/v2\/media\/83995"}],"wp:attachment":[{"href":"https:\/\/vocesparalelas.com.ar\/sitio\/wp-json\/wp\/v2\/media?parent=83992"}],"wp:term":[{"taxonomy":"category","embeddable":true,"href":"https:\/\/vocesparalelas.com.ar\/sitio\/wp-json\/wp\/v2\/categories?post=83992"},{"taxonomy":"post_tag","embeddable":true,"href":"https:\/\/vocesparalelas.com.ar\/sitio\/wp-json\/wp\/v2\/tags?post=83992"}],"curies":[{"name":"wp","href":"https:\/\/api.w.org\/{rel}","templated":true}]}}