{"id":83982,"date":"2025-03-18T20:57:03","date_gmt":"2025-03-18T23:57:03","guid":{"rendered":"https:\/\/vocesparalelas.com.ar\/sitio\/?p=83982"},"modified":"2025-03-18T20:59:31","modified_gmt":"2025-03-18T23:59:31","slug":"asumio-el-secretario-de-seguridad-y-orden-publico-de-san-juan-dr-enrique-delgado","status":"publish","type":"post","link":"https:\/\/vocesparalelas.com.ar\/sitio\/asumio-el-secretario-de-seguridad-y-orden-publico-de-san-juan-dr-enrique-delgado\/","title":{"rendered":"Asumi\u00f3 el secretario de Seguridad y Orden P\u00fablico de San Juan, Dr. Enrique Delgado"},"content":{"rendered":"<p>En Casa de Gobierno, se realiz\u00f3 la toma de juramento del Secretario de Seguridad y Orden P\u00fablico del Gobierno de San Juan, Dr. Enrique Delgado por el Gobernador, Dr. Marcelo Orrego.<\/p>\n<p><img loading=\"lazy\" decoding=\"async\" class=\"alignnone size-full wp-image-83989\" src=\"https:\/\/vocesparalelas.com.ar\/sitio\/wp-content\/uploads\/2025\/03\/SAN-JUAN-SEGURIDAD-03.jpg\" alt=\"\" width=\"800\" height=\"533\" srcset=\"https:\/\/vocesparalelas.com.ar\/sitio\/wp-content\/uploads\/2025\/03\/SAN-JUAN-SEGURIDAD-03.jpg 800w, https:\/\/vocesparalelas.com.ar\/sitio\/wp-content\/uploads\/2025\/03\/SAN-JUAN-SEGURIDAD-03-300x200.jpg 300w, https:\/\/vocesparalelas.com.ar\/sitio\/wp-content\/uploads\/2025\/03\/SAN-JUAN-SEGURIDAD-03-768x512.jpg 768w\" sizes=\"auto, (max-width: 800px) 100vw, 800px\" \/><\/p>\n<p><span style=\"color: #ff6600;\"><strong>Para ello, se conform\u00f3<\/strong><\/span><\/p>\n<ul>\n<li>Gobernador, Dr. Marcelo Orrego.<\/li>\n<li>Vicegobernador, Dr. Fabi\u00e1n Mart\u00edn<\/li>\n<li>Ministra de Gobierno, Dra. Laura Palma<\/li>\n<li>Ministro de Infraestructura, Agua y Energ\u00eda, Arq. Fernando Perea<\/li>\n<li>Ministro de Econom\u00eda, Finanzas y Hacienda, CPN Roberto Guti\u00e9rrez<\/li>\n<li>Ministro de Familia y Desarrollo Humano, Prof. Carlos Platero<\/li>\n<li>Ministro de Salud, Dr. Am\u00edlcar Dobladez<\/li>\n<li>Ministro de Miner\u00eda, Dr. Juan Pablo Perea<\/li>\n<li>Secretario de Ambiente y Desarrollo Sustentable, Dr. Federico R\u00edos Y\u00e1\u00f1ez<\/li>\n<li>Secretario General de Gobierno, Lic. Emilio Achem<\/li>\n<li>Presidenta de la Corte de Justicia de San Juan, Dra. Adriana Garc\u00eda Nieto.<\/li>\n<li>Secretario de Seguridad y Orden P\u00fablico, Dr. Enrique Delgado<\/li>\n<\/ul>\n<p>El acto comenz\u00f3 con la lectura del decreto y el gobernador le tom\u00f3 juramento al flamante secretario.<\/p>\n<p><iframe loading=\"lazy\" title=\"SAN JUAN\" width=\"800\" height=\"450\" src=\"https:\/\/www.youtube.com\/embed\/NII8RjmCJcE?feature=oembed\" frameborder=\"0\" allow=\"accelerometer; autoplay; clipboard-write; encrypted-media; gyroscope; picture-in-picture; web-share\" referrerpolicy=\"strict-origin-when-cross-origin\" allowfullscreen><\/iframe><\/p>\n<p>Una vez que tom\u00f3 el juramento al Secretario de Seguridad y Orden P\u00fablico del Gobierno de San Juan, Dr. Enrique Delgado, expres\u00f3 su agradecimiento por la responsabilidad encomendada por el Gobernador y va a poner en pr\u00e1ctica tres ejes fundamentales: que la seguridad est\u00e9 en la calle para que el ciudadano de bien se sienta cuidado. Va a articular entre las fuerzas el manejo de la informaci\u00f3n para consolidar la prevenci\u00f3n del delito y mejoraremos la infraestructura de las fuerzas.<\/p>\n<p><iframe loading=\"lazy\" title=\"SAN JUAN SECRETARIO DE SEGURIDAD DR ENRIQUE DELGADO\" width=\"800\" height=\"450\" src=\"https:\/\/www.youtube.com\/embed\/sRGgvLK18Q0?feature=oembed\" frameborder=\"0\" allow=\"accelerometer; autoplay; clipboard-write; encrypted-media; gyroscope; picture-in-picture; web-share\" referrerpolicy=\"strict-origin-when-cross-origin\" allowfullscreen><\/iframe><\/p>\n<p>Finalmente, el Gobernador de San Juan, Dr. Marcelo Orrego destac\u00f3 la importancia de la seguridad para los ciudadanos de San Juan.<\/p>\n<p><iframe loading=\"lazy\" title=\"SAN JUAN GOBERNADOR DR MARCELO ORREGO\" width=\"800\" height=\"450\" src=\"https:\/\/www.youtube.com\/embed\/Idmroz-r8Bk?feature=oembed\" frameborder=\"0\" allow=\"accelerometer; autoplay; clipboard-write; encrypted-media; gyroscope; picture-in-picture; web-share\" referrerpolicy=\"strict-origin-when-cross-origin\" allowfullscreen><\/iframe><\/p>\n<p>&nbsp;<\/p>\n<p><span style=\"color: #ff6600;\"><strong>Datos del Dr. Enrique Alejandro Delgado<\/strong><\/span><\/p>\n<p>Es abogado y pol\u00edtico, egresado de la Universidad Nacional de la Rioja. Est\u00e1 casado con la Lic. Natalia Ferrer y tiene cuatro hijos.<\/p>\n<p>Entre su amplia trayectoria laboral, fue vicepresidente del Foro de Abogados de San Juan, en el per\u00edodo 2016 y 2018. Asimismo, form\u00f3 parte de su Directorio en car\u00e1cter ad honorem, entre 2014 y 2018.<\/p>\n<p>Fue titular de la Direcci\u00f3n Nacional de Migraciones Delegaci\u00f3n San Juan, en el ciclo 2018 a 2019. Se desempe\u00f1\u00f3 como asesor del Consejo de la Magistratura de la Naci\u00f3n, entre noviembre de 2022 y diciembre de 2023.<\/p>\n<p>El Dr. Delgado dio sus primeros pasos laborales como funcionario del Servicio Penitenciario Provincial (SPP). Ingres\u00f3 en 1987 y se retir\u00f3 con la jerarqu\u00eda de Sub Prefecto en 2004, siendo supervisor de la Asesor\u00eda Jur\u00eddica Contable.<\/p>\n<p>Se consagr\u00f3 como el primer penitenciario retirado en asumir el cargo de director del SPP en diciembre de 2023; puesto que ocupa hasta el presente.<\/p>\n<p>Asimismo, es miembro de la Comisi\u00f3n de Pol\u00edtica Criminal y Asuntos Penitenciarios de la Federaci\u00f3n Argentina de Colegios de Abogados \u2013 FACA \u2013 y, como tal, fue postulado por esta a cubrir un puesto para el Comit\u00e9 Nacional para la Prevenci\u00f3n de la Tortura, art. 18 de la Ley 26.827.<\/p>\n<p>Desde 2017 ocupa el cargo como Miembro Mayor de la Federaci\u00f3n Interamericana de Abogados<br \/>\n(IABA-FIA). En noviembre de 2023, fue designado como vicepresidente del \u201cComit\u00e9 XIII: El Libre<br \/>\nEjercicio Profesional\u201d de la IABA-FIA.<\/p>\n<p>Paralelamente, ha llevado adelante su profesi\u00f3n como abogado litigante en materia civil desde 2002.<\/p>\n<p><img loading=\"lazy\" decoding=\"async\" class=\"alignnone size-full wp-image-83987\" src=\"https:\/\/vocesparalelas.com.ar\/sitio\/wp-content\/uploads\/2025\/03\/SAN-JUAN-SEGURIDAD-02.jpg\" alt=\"\" width=\"800\" height=\"533\" srcset=\"https:\/\/vocesparalelas.com.ar\/sitio\/wp-content\/uploads\/2025\/03\/SAN-JUAN-SEGURIDAD-02.jpg 800w, https:\/\/vocesparalelas.com.ar\/sitio\/wp-content\/uploads\/2025\/03\/SAN-JUAN-SEGURIDAD-02-300x200.jpg 300w, https:\/\/vocesparalelas.com.ar\/sitio\/wp-content\/uploads\/2025\/03\/SAN-JUAN-SEGURIDAD-02-768x512.jpg 768w\" sizes=\"auto, (max-width: 800px) 100vw, 800px\" \/><\/p>\n","protected":false},"excerpt":{"rendered":"<p>En Casa de Gobierno, se realiz\u00f3 la toma de juramento del Secretario de Seguridad y Orden P\u00fablico del Gobierno de<\/p>\n","protected":false},"author":3,"featured_media":83986,"comment_status":"closed","ping_status":"closed","sticky":false,"template":"","format":"standard","meta":{"_acf_changed":false,"_seopress_robots_primary_cat":"none","_seopress_titles_title":"","_seopress_titles_desc":"","_seopress_robots_index":"","colormag_page_container_layout":"default_layout","colormag_page_sidebar_layout":"default_layout","footnotes":""},"categories":[1,7],"tags":[],"class_list":["post-83982","post","type-post","status-publish","format-standard","has-post-thumbnail","hentry","category-destacadas","category-videos"],"acf":[],"_links":{"self":[{"href":"https:\/\/vocesparalelas.com.ar\/sitio\/wp-json\/wp\/v2\/posts\/83982","targetHints":{"allow":["GET"]}}],"collection":[{"href":"https:\/\/vocesparalelas.com.ar\/sitio\/wp-json\/wp\/v2\/posts"}],"about":[{"href":"https:\/\/vocesparalelas.com.ar\/sitio\/wp-json\/wp\/v2\/types\/post"}],"author":[{"embeddable":true,"href":"https:\/\/vocesparalelas.com.ar\/sitio\/wp-json\/wp\/v2\/users\/3"}],"replies":[{"embeddable":true,"href":"https:\/\/vocesparalelas.com.ar\/sitio\/wp-json\/wp\/v2\/comments?post=83982"}],"version-history":[{"count":3,"href":"https:\/\/vocesparalelas.com.ar\/sitio\/wp-json\/wp\/v2\/posts\/83982\/revisions"}],"predecessor-version":[{"id":83991,"href":"https:\/\/vocesparalelas.com.ar\/sitio\/wp-json\/wp\/v2\/posts\/83982\/revisions\/83991"}],"wp:featuredmedia":[{"embeddable":true,"href":"https:\/\/vocesparalelas.com.ar\/sitio\/wp-json\/wp\/v2\/media\/83986"}],"wp:attachment":[{"href":"https:\/\/vocesparalelas.com.ar\/sitio\/wp-json\/wp\/v2\/media?parent=83982"}],"wp:term":[{"taxonomy":"category","embeddable":true,"href":"https:\/\/vocesparalelas.com.ar\/sitio\/wp-json\/wp\/v2\/categories?post=83982"},{"taxonomy":"post_tag","embeddable":true,"href":"https:\/\/vocesparalelas.com.ar\/sitio\/wp-json\/wp\/v2\/tags?post=83982"}],"curies":[{"name":"wp","href":"https:\/\/api.w.org\/{rel}","templated":true}]}}