{"id":83963,"date":"2025-03-18T12:34:23","date_gmt":"2025-03-18T15:34:23","guid":{"rendered":"https:\/\/vocesparalelas.com.ar\/sitio\/?p=83963"},"modified":"2025-03-19T11:52:55","modified_gmt":"2025-03-19T14:52:55","slug":"el-paso-internacional-de-agua-negra-cambia-el-horario-de-transito-vehicular-por-san-juan","status":"publish","type":"post","link":"https:\/\/vocesparalelas.com.ar\/sitio\/el-paso-internacional-de-agua-negra-cambia-el-horario-de-transito-vehicular-por-san-juan\/","title":{"rendered":"El Paso Internacional de Agua Negra cambia el horario de tr\u00e1nsito vehicular por San Juan"},"content":{"rendered":"<p>El Ministerio de Gobierno de San Juan, a trav\u00e9s de la Secretar\u00eda de Relaciones Institucionales, informa a la comunidad y a los usuarios del Paso Internacional de Agua Negra que, a partir del Mi\u00e9rcoles, 19 de Marzo de 2025, se implementa nuevo horario de funcionamiento.<\/p>\n<p>La Coordinaci\u00f3n del Centro de Frontera Agua Negra, dependiente de la Direcci\u00f3n Nacional de Asuntos T\u00e9cnicos de Frontera, dispuso esta medida con el objetivo de optimizar la operaci\u00f3n y garantizar la seguridad de los viajeros.<\/p>\n<p><span style=\"color: #0000ff;\"><strong>Horario para el tr\u00e1nsito general<\/strong><\/span><\/p>\n<ul>\n<li>Horario de ingreso: 8:00 AM<\/li>\n<li>Cierre de barreras desde Argentina hacia Chile: 16:00 PM<\/li>\n<li>Horario de regreso: Hasta las 20 PM<\/li>\n<\/ul>\n<p>Se recomienda a los usuarios del paso fronterizo tomar las precauciones necesarias y planificar sus viajes teniendo en cuenta este nuevo horario.<\/p>\n<p><img loading=\"lazy\" decoding=\"async\" class=\"alignnone size-large wp-image-9161\" src=\"https:\/\/vocesparalelas.com.ar\/sitio\/wp-content\/uploads\/2018\/01\/PASO-DE-AGUA-NEGRA-15-800x600.jpg\" alt=\"\" width=\"800\" height=\"600\" srcset=\"https:\/\/vocesparalelas.com.ar\/sitio\/wp-content\/uploads\/2018\/01\/PASO-DE-AGUA-NEGRA-15-800x600.jpg 800w, https:\/\/vocesparalelas.com.ar\/sitio\/wp-content\/uploads\/2018\/01\/PASO-DE-AGUA-NEGRA-15-300x225.jpg 300w, https:\/\/vocesparalelas.com.ar\/sitio\/wp-content\/uploads\/2018\/01\/PASO-DE-AGUA-NEGRA-15-768x576.jpg 768w, https:\/\/vocesparalelas.com.ar\/sitio\/wp-content\/uploads\/2018\/01\/PASO-DE-AGUA-NEGRA-15.jpg 1024w\" sizes=\"auto, (max-width: 800px) 100vw, 800px\" \/><\/p>\n","protected":false},"excerpt":{"rendered":"<p>El Ministerio de Gobierno de San Juan, a trav\u00e9s de la Secretar\u00eda de Relaciones Institucionales, informa a la comunidad y<\/p>\n","protected":false},"author":3,"featured_media":55101,"comment_status":"closed","ping_status":"closed","sticky":false,"template":"","format":"standard","meta":{"_acf_changed":false,"_seopress_robots_primary_cat":"none","_seopress_titles_title":"","_seopress_titles_desc":"","_seopress_robots_index":"","colormag_page_container_layout":"default_layout","colormag_page_sidebar_layout":"default_layout","footnotes":""},"categories":[6],"tags":[],"class_list":["post-83963","post","type-post","status-publish","format-standard","has-post-thumbnail","hentry","category-eventos"],"acf":[],"_links":{"self":[{"href":"https:\/\/vocesparalelas.com.ar\/sitio\/wp-json\/wp\/v2\/posts\/83963","targetHints":{"allow":["GET"]}}],"collection":[{"href":"https:\/\/vocesparalelas.com.ar\/sitio\/wp-json\/wp\/v2\/posts"}],"about":[{"href":"https:\/\/vocesparalelas.com.ar\/sitio\/wp-json\/wp\/v2\/types\/post"}],"author":[{"embeddable":true,"href":"https:\/\/vocesparalelas.com.ar\/sitio\/wp-json\/wp\/v2\/users\/3"}],"replies":[{"embeddable":true,"href":"https:\/\/vocesparalelas.com.ar\/sitio\/wp-json\/wp\/v2\/comments?post=83963"}],"version-history":[{"count":1,"href":"https:\/\/vocesparalelas.com.ar\/sitio\/wp-json\/wp\/v2\/posts\/83963\/revisions"}],"predecessor-version":[{"id":83966,"href":"https:\/\/vocesparalelas.com.ar\/sitio\/wp-json\/wp\/v2\/posts\/83963\/revisions\/83966"}],"wp:featuredmedia":[{"embeddable":true,"href":"https:\/\/vocesparalelas.com.ar\/sitio\/wp-json\/wp\/v2\/media\/55101"}],"wp:attachment":[{"href":"https:\/\/vocesparalelas.com.ar\/sitio\/wp-json\/wp\/v2\/media?parent=83963"}],"wp:term":[{"taxonomy":"category","embeddable":true,"href":"https:\/\/vocesparalelas.com.ar\/sitio\/wp-json\/wp\/v2\/categories?post=83963"},{"taxonomy":"post_tag","embeddable":true,"href":"https:\/\/vocesparalelas.com.ar\/sitio\/wp-json\/wp\/v2\/tags?post=83963"}],"curies":[{"name":"wp","href":"https:\/\/api.w.org\/{rel}","templated":true}]}}