{"id":83959,"date":"2025-03-18T12:23:12","date_gmt":"2025-03-18T15:23:12","guid":{"rendered":"https:\/\/vocesparalelas.com.ar\/sitio\/?p=83959"},"modified":"2025-03-19T11:53:29","modified_gmt":"2025-03-19T14:53:29","slug":"visitas-guiadas-en-el-centro-de-formacion-ambiental-anchipurac-de-san-juan","status":"publish","type":"post","link":"https:\/\/vocesparalelas.com.ar\/sitio\/visitas-guiadas-en-el-centro-de-formacion-ambiental-anchipurac-de-san-juan\/","title":{"rendered":"Visitas Guiadas en el Centro de Formaci\u00f3n Ambiental Anchipurac de San Juan"},"content":{"rendered":"<p>Desde la Secretar\u00eda de Ambiente y Desarrollo Sustentable del Gobierno de San Juan, a trav\u00e9s del Centro de Formaci\u00f3n Ambiental Anchipurac, invita a las instituciones educativas, escuelas, colegios, universidades y grupos a ser parte de una experiencia \u00fanica e interactiva.<\/p>\n<p>Es la oportunidad perfecta para que estudiantes y docentes vivan un recorrido educativo que combina naturaleza, ciencia y concientizaci\u00f3n ambiental de manera divertida y pr\u00e1ctica.<\/p>\n<p>La experiencia Anchipurac va mucho m\u00e1s all\u00e1 de un recorrido tradicional. Cada estaci\u00f3n est\u00e1 cuidadosamente dise\u00f1ada para abordar temas clave sobre los ecosistemas de nuestra provincia, mostrando c\u00f3mo interact\u00faan con el ser humano.<\/p>\n<p>Los participantes pueden explorar desde la flora y fauna aut\u00f3ctona hasta los desaf\u00edos globales de conservaci\u00f3n, siempre con el prop\u00f3sito de reflexionar sobre nuestra relaci\u00f3n con la naturaleza.<\/p>\n<p><iframe loading=\"lazy\" title=\"ANCHIPURAC SAN JUAN\" width=\"800\" height=\"450\" src=\"https:\/\/www.youtube.com\/embed\/27wgN1QeRY0?feature=oembed\" frameborder=\"0\" allow=\"accelerometer; autoplay; clipboard-write; encrypted-media; gyroscope; picture-in-picture; web-share\" referrerpolicy=\"strict-origin-when-cross-origin\" allowfullscreen><\/iframe><\/p>\n<p><span style=\"color: #008000;\"><strong>Concientizaci\u00f3n y Sensibilizaci\u00f3n<\/strong><\/span><\/p>\n<p>Durante las visitas guiadas, los participantes tienen la oportunidad de involucrarse activamente a trav\u00e9s de experiencias interactivas.<\/p>\n<p>Uno de los aspectos m\u00e1s destacados es el aprendizaje pr\u00e1ctico, como juegos interactivos donde se ense\u00f1a a separar residuos correctamente, actividades que permiten conocer m\u00e1s sobre energ\u00edas renovables, y espacios pensados para disfrutar y aprender en equipo.<\/p>\n<p>Adem\u00e1s, hay un espacio para merendar y compartir en grupo, generando una experiencia a\u00fan m\u00e1s enriquecedora.<\/p>\n<p>Cada estaci\u00f3n presenta temas importantes como la preservaci\u00f3n de especies locales, la gesti\u00f3n sostenible de los recursos naturales, la importancia de los ecosistemas y el impacto del cambio clim\u00e1tico. Adem\u00e1s de las actividades educativas y charlas de sensibilizaci\u00f3n, el centro busca generar un compromiso activo entre los participantes,<br \/>\nmotiv\u00e1ndolos a convertirse en agentes de cambio para el cuidado del ambiente.<\/p>\n<p>\u00a1Ven\u00ed y s\u00e9 parte de esta experiencia transformadora!<\/p>\n<p><strong><span style=\"color: #008000;\">Horarios de Visita a Partir de Marzo:<\/span><\/strong><\/p>\n<ul>\n<li>De lunes a viernes:<\/li>\n<li>Turno Ma\u00f1ana (TM): 9:00 &#8211; 11:00 y 12:35 hs<\/li>\n<li>Turno Tarde (TT): 14:20 &#8211; 16:20 y 18:00 hs (\u00faltimo turno reducido)<\/li>\n<\/ul>\n<p><strong><span style=\"color: #008000;\">S\u00e1bados<\/span><\/strong><\/p>\n<ul>\n<li>Turno Ma\u00f1ana (TM): 10:00 y 12:00 hs<\/li>\n<li>Turno Tarde (TT): 14:00, 15:00, 16:00 y 17:00 hs<\/li>\n<\/ul>\n<p><span style=\"color: #008000;\"><strong>Domingos y feriados<\/strong><\/span><\/p>\n<ul>\n<li>Turno Tarde (TT): 15:00, 16:00 y 17:00 hs<\/li>\n<\/ul>\n<p>Reservas y Contacto: Para m\u00e1s informaci\u00f3n y\/o reservar tu turno, puedes contactarlos en el horario de 9:00 a 13:00 hs.<\/p>\n<ul>\n<li>Whatsapp: 264-4791840<\/li>\n<li>Tel\u00e9fono Fijo: 264-4302912<\/li>\n<li>P\u00e1gina Web:\u00a0<a href=\"http:\/\/www.anchipurac.sanjuan.gob.ar\">http:\/\/www.anchipurac.sanjuan.gob.ar<\/a><\/li>\n<\/ul>\n<p><span style=\"color: #008000;\"><strong>Ubicaci\u00f3n<\/strong><\/span><\/p>\n<ul>\n<li>Calle 5 y Pellegrini, al pie del Cerro Parkinson, Departamento Rivadavia, Provincia de San Juan, Rep\u00fablica Argentina<\/li>\n<\/ul>\n<p><img loading=\"lazy\" decoding=\"async\" class=\"alignnone size-full wp-image-40689\" src=\"https:\/\/vocesparalelas.com.ar\/sitio\/wp-content\/uploads\/2021\/08\/Anchipurac-nueva.jpg\" alt=\"\" width=\"782\" height=\"439\" srcset=\"https:\/\/vocesparalelas.com.ar\/sitio\/wp-content\/uploads\/2021\/08\/Anchipurac-nueva.jpg 782w, https:\/\/vocesparalelas.com.ar\/sitio\/wp-content\/uploads\/2021\/08\/Anchipurac-nueva-300x168.jpg 300w, https:\/\/vocesparalelas.com.ar\/sitio\/wp-content\/uploads\/2021\/08\/Anchipurac-nueva-768x431.jpg 768w\" sizes=\"auto, (max-width: 782px) 100vw, 782px\" \/><\/p>\n","protected":false},"excerpt":{"rendered":"<p>Desde la Secretar\u00eda de Ambiente y Desarrollo Sustentable del Gobierno de San Juan, a trav\u00e9s del Centro de Formaci\u00f3n Ambiental<\/p>\n","protected":false},"author":3,"featured_media":75669,"comment_status":"closed","ping_status":"closed","sticky":false,"template":"","format":"standard","meta":{"_acf_changed":false,"_seopress_robots_primary_cat":"none","_seopress_titles_title":"","_seopress_titles_desc":"","_seopress_robots_index":"","colormag_page_container_layout":"default_layout","colormag_page_sidebar_layout":"default_layout","footnotes":""},"categories":[5,7],"tags":[],"class_list":["post-83959","post","type-post","status-publish","format-standard","has-post-thumbnail","hentry","category-ofrecimientos","category-videos"],"acf":[],"_links":{"self":[{"href":"https:\/\/vocesparalelas.com.ar\/sitio\/wp-json\/wp\/v2\/posts\/83959","targetHints":{"allow":["GET"]}}],"collection":[{"href":"https:\/\/vocesparalelas.com.ar\/sitio\/wp-json\/wp\/v2\/posts"}],"about":[{"href":"https:\/\/vocesparalelas.com.ar\/sitio\/wp-json\/wp\/v2\/types\/post"}],"author":[{"embeddable":true,"href":"https:\/\/vocesparalelas.com.ar\/sitio\/wp-json\/wp\/v2\/users\/3"}],"replies":[{"embeddable":true,"href":"https:\/\/vocesparalelas.com.ar\/sitio\/wp-json\/wp\/v2\/comments?post=83959"}],"version-history":[{"count":3,"href":"https:\/\/vocesparalelas.com.ar\/sitio\/wp-json\/wp\/v2\/posts\/83959\/revisions"}],"predecessor-version":[{"id":83968,"href":"https:\/\/vocesparalelas.com.ar\/sitio\/wp-json\/wp\/v2\/posts\/83959\/revisions\/83968"}],"wp:featuredmedia":[{"embeddable":true,"href":"https:\/\/vocesparalelas.com.ar\/sitio\/wp-json\/wp\/v2\/media\/75669"}],"wp:attachment":[{"href":"https:\/\/vocesparalelas.com.ar\/sitio\/wp-json\/wp\/v2\/media?parent=83959"}],"wp:term":[{"taxonomy":"category","embeddable":true,"href":"https:\/\/vocesparalelas.com.ar\/sitio\/wp-json\/wp\/v2\/categories?post=83959"},{"taxonomy":"post_tag","embeddable":true,"href":"https:\/\/vocesparalelas.com.ar\/sitio\/wp-json\/wp\/v2\/tags?post=83959"}],"curies":[{"name":"wp","href":"https:\/\/api.w.org\/{rel}","templated":true}]}}