{"id":83955,"date":"2025-03-18T11:29:19","date_gmt":"2025-03-18T14:29:19","guid":{"rendered":"https:\/\/vocesparalelas.com.ar\/sitio\/?p=83955"},"modified":"2025-03-18T23:58:26","modified_gmt":"2025-03-19T02:58:26","slug":"inscripciones-clubes-ambientales-escolares-2025-en-san-juan","status":"publish","type":"post","link":"https:\/\/vocesparalelas.com.ar\/sitio\/inscripciones-clubes-ambientales-escolares-2025-en-san-juan\/","title":{"rendered":"Inscripciones \u00abClubes Ambientales Escolares 2025\u00bb en San Juan"},"content":{"rendered":"<p>La Secretar\u00eda de Ambiente y Desarrollo Sustentable del Gobierno de San Juan, a trav\u00e9s del Centro de Formaci\u00f3n Ambiental Anchipurac invita a los docentes y alumnos de las Escuelas de las diferentes modalidades sumarse al Programa de Clubes Ambientales Escolares 2025, con el objetivo de fortalecer la educaci\u00f3n ambiental en San Juan.<\/p>\n<p>Esta iniciativa busca generar espacios de participaci\u00f3n y aprendizaje en instituciones educativas, promoviendo la conciencia ambiental y el compromiso con el cuidado del entorno en toda la comunidad.<\/p>\n<p>Para la consecuci\u00f3n de estos objetivos, la Secretar\u00eda de Ambiente y Desarrollo Sustentable impulsa la presentaci\u00f3n de un proyecto anual por parte de las instituciones educativas de la provincia que participan en el programa.<\/p>\n<p>Cada proyecto propone actividades que abordan una problem\u00e1tica o tem\u00e1tica ambiental identificada en la comunidad, promoviendo el aprendizaje y la participaci\u00f3n de todos los actores involucrados, para generar transformaciones en la realidad ambiental local.<\/p>\n<p>Las inscripciones est\u00e1n abiertas desde el 17 de Marzo al 9 de Mayo. Durante este per\u00edodo, se realiza una \u00fanica inscripci\u00f3n, con la recepci\u00f3n de proyectos que se extiende hasta el 30 de Junio.<\/p>\n<p>Adem\u00e1s, desde Marzo se dictar\u00e1n talleres y charlas informativas para docentes y miembros de la comunidad educativa, brindando herramientas pedag\u00f3gicas para la planificaci\u00f3n y gesti\u00f3n de los clubes.<\/p>\n<p>Desde Junio, los proyectos comienzan a implementarse en cada territorio, abordando tem\u00e1ticas ambientales espec\u00edficas y favoreciendo la participaci\u00f3n activa de estudiantes y docentes.<\/p>\n<p><strong><span style=\"color: #008000;\">Para inscribirse o realizar consultas<\/span><\/strong><\/p>\n<p>Las instituciones pueden escribir a\u00a0<a href=\"educacionanchipurac@gmail.com\">educacionanchipurac@gmail.com<\/a><\/p>\n<p>o comunicarse v\u00eda WhatsApp al 2645704252.<\/p>\n<p><a href=\"https:\/\/forms.gle\/DXdWq7QvamV5Ao9f6\">https:\/\/forms.gle\/DXdWq7QvamV5Ao9f6<\/a><\/p>\n<p>&nbsp;<\/p>\n<p><img loading=\"lazy\" decoding=\"async\" class=\"alignnone size-large wp-image-8787\" src=\"https:\/\/vocesparalelas.com.ar\/sitio\/wp-content\/uploads\/2017\/12\/EDIFICIO-ANCHIPURAC-800x533.jpg\" alt=\"\" width=\"800\" height=\"533\" srcset=\"https:\/\/vocesparalelas.com.ar\/sitio\/wp-content\/uploads\/2017\/12\/EDIFICIO-ANCHIPURAC-800x533.jpg 800w, https:\/\/vocesparalelas.com.ar\/sitio\/wp-content\/uploads\/2017\/12\/EDIFICIO-ANCHIPURAC-300x200.jpg 300w, https:\/\/vocesparalelas.com.ar\/sitio\/wp-content\/uploads\/2017\/12\/EDIFICIO-ANCHIPURAC-768x512.jpg 768w, https:\/\/vocesparalelas.com.ar\/sitio\/wp-content\/uploads\/2017\/12\/EDIFICIO-ANCHIPURAC.jpg 900w\" sizes=\"auto, (max-width: 800px) 100vw, 800px\" \/><\/p>\n","protected":false},"excerpt":{"rendered":"<p>La Secretar\u00eda de Ambiente y Desarrollo Sustentable del Gobierno de San Juan, a trav\u00e9s del Centro de Formaci\u00f3n Ambiental Anchipurac<\/p>\n","protected":false},"author":3,"featured_media":12403,"comment_status":"closed","ping_status":"closed","sticky":false,"template":"","format":"standard","meta":{"_acf_changed":false,"_seopress_robots_primary_cat":"none","_seopress_titles_title":"","_seopress_titles_desc":"","_seopress_robots_index":"","colormag_page_container_layout":"default_layout","colormag_page_sidebar_layout":"default_layout","footnotes":""},"categories":[5],"tags":[],"class_list":["post-83955","post","type-post","status-publish","format-standard","has-post-thumbnail","hentry","category-ofrecimientos"],"acf":[],"_links":{"self":[{"href":"https:\/\/vocesparalelas.com.ar\/sitio\/wp-json\/wp\/v2\/posts\/83955","targetHints":{"allow":["GET"]}}],"collection":[{"href":"https:\/\/vocesparalelas.com.ar\/sitio\/wp-json\/wp\/v2\/posts"}],"about":[{"href":"https:\/\/vocesparalelas.com.ar\/sitio\/wp-json\/wp\/v2\/types\/post"}],"author":[{"embeddable":true,"href":"https:\/\/vocesparalelas.com.ar\/sitio\/wp-json\/wp\/v2\/users\/3"}],"replies":[{"embeddable":true,"href":"https:\/\/vocesparalelas.com.ar\/sitio\/wp-json\/wp\/v2\/comments?post=83955"}],"version-history":[{"count":1,"href":"https:\/\/vocesparalelas.com.ar\/sitio\/wp-json\/wp\/v2\/posts\/83955\/revisions"}],"predecessor-version":[{"id":83958,"href":"https:\/\/vocesparalelas.com.ar\/sitio\/wp-json\/wp\/v2\/posts\/83955\/revisions\/83958"}],"wp:featuredmedia":[{"embeddable":true,"href":"https:\/\/vocesparalelas.com.ar\/sitio\/wp-json\/wp\/v2\/media\/12403"}],"wp:attachment":[{"href":"https:\/\/vocesparalelas.com.ar\/sitio\/wp-json\/wp\/v2\/media?parent=83955"}],"wp:term":[{"taxonomy":"category","embeddable":true,"href":"https:\/\/vocesparalelas.com.ar\/sitio\/wp-json\/wp\/v2\/categories?post=83955"},{"taxonomy":"post_tag","embeddable":true,"href":"https:\/\/vocesparalelas.com.ar\/sitio\/wp-json\/wp\/v2\/tags?post=83955"}],"curies":[{"name":"wp","href":"https:\/\/api.w.org\/{rel}","templated":true}]}}