{"id":83951,"date":"2025-03-18T10:55:38","date_gmt":"2025-03-18T13:55:38","guid":{"rendered":"https:\/\/vocesparalelas.com.ar\/sitio\/?p=83951"},"modified":"2025-03-18T21:39:48","modified_gmt":"2025-03-19T00:39:48","slug":"club-del-titere-en-el-dia-internacional-del-titere-en-san-juan","status":"publish","type":"post","link":"https:\/\/vocesparalelas.com.ar\/sitio\/club-del-titere-en-el-dia-internacional-del-titere-en-san-juan\/","title":{"rendered":"\u00abClub del T\u00edtere\u00bb en el D\u00eda Internacional del T\u00edtere en San Juan"},"content":{"rendered":"<p>El S\u00e1bado, 22 de Marzo, de 17 a 21 hs-; en el Centro Cultural Conte Grand desarrolla \u00abClub del T\u00edtere\u00bb, una propuesta para disfrutar en familia en el marco del D\u00eda Internacional del T\u00edtere. La entrada es libre y gratuita. De esta manera, inicia la Temporada 2025.<\/p>\n<p>Una tarde para intercambio de risas y saberes, donde el p\u00fablico comparte la alegr\u00eda y simpat\u00eda de los t\u00edteres a trav\u00e9s de distintas actividades como desfiles y bailes.<br \/>\n<strong><span style=\"color: #ff6600;\">Cronograma<\/span><\/strong><\/p>\n<ul>\n<li>17:00: \u201cCuento con valores\u201d del elenco sanjuanino \u201cel Portal de los T\u00edteres\u201d, dirigido por Bety Navas.<\/li>\n<li>17:30: Intervenci\u00f3n Tawa.<\/li>\n<li>18:00: \u201cT\u00edteres A Contramano\u201d, dirigido por Leonardo Almaz\u00e1n.<\/li>\n<li>18.30: Taller de Fanzine, coordinado por Violeta \u00c1lvarez.<\/li>\n<li>19:00: \u201cLa Tribu Andariega\u201d, dirigido por Mario Pacheco.<\/li>\n<li>19.30: Taller de M\u00e1scaras, coordinado por Juliana Magalevsky.<\/li>\n<li>20:00: \u201cTitirisantes\u201d, dirigido por Joel Alexis.<\/li>\n<li>20.30: \u201cLuna Lunera\u201d, Ver\u00f3nica Almir\u00f3n.<\/li>\n<li>21:00: Cierre.<\/li>\n<\/ul>\n<p><img loading=\"lazy\" decoding=\"async\" class=\"alignnone size-full wp-image-29711\" src=\"https:\/\/vocesparalelas.com.ar\/sitio\/wp-content\/uploads\/2020\/07\/CENTRO-CONTE-GRAND.jpg\" alt=\"\" width=\"800\" height=\"449\" srcset=\"https:\/\/vocesparalelas.com.ar\/sitio\/wp-content\/uploads\/2020\/07\/CENTRO-CONTE-GRAND.jpg 800w, https:\/\/vocesparalelas.com.ar\/sitio\/wp-content\/uploads\/2020\/07\/CENTRO-CONTE-GRAND-300x168.jpg 300w, https:\/\/vocesparalelas.com.ar\/sitio\/wp-content\/uploads\/2020\/07\/CENTRO-CONTE-GRAND-768x431.jpg 768w\" sizes=\"auto, (max-width: 800px) 100vw, 800px\" \/><\/p>\n","protected":false},"excerpt":{"rendered":"<p>El S\u00e1bado, 22 de Marzo, de 17 a 21 hs-; en el Centro Cultural Conte Grand desarrolla \u00abClub del T\u00edtere\u00bb,<\/p>\n","protected":false},"author":3,"featured_media":50281,"comment_status":"closed","ping_status":"closed","sticky":false,"template":"","format":"standard","meta":{"_acf_changed":false,"_seopress_robots_primary_cat":"none","_seopress_titles_title":"","_seopress_titles_desc":"","_seopress_robots_index":"","colormag_page_container_layout":"default_layout","colormag_page_sidebar_layout":"default_layout","footnotes":""},"categories":[20],"tags":[],"class_list":["post-83951","post","type-post","status-publish","format-standard","has-post-thumbnail","hentry","category-cartelera"],"acf":[],"_links":{"self":[{"href":"https:\/\/vocesparalelas.com.ar\/sitio\/wp-json\/wp\/v2\/posts\/83951","targetHints":{"allow":["GET"]}}],"collection":[{"href":"https:\/\/vocesparalelas.com.ar\/sitio\/wp-json\/wp\/v2\/posts"}],"about":[{"href":"https:\/\/vocesparalelas.com.ar\/sitio\/wp-json\/wp\/v2\/types\/post"}],"author":[{"embeddable":true,"href":"https:\/\/vocesparalelas.com.ar\/sitio\/wp-json\/wp\/v2\/users\/3"}],"replies":[{"embeddable":true,"href":"https:\/\/vocesparalelas.com.ar\/sitio\/wp-json\/wp\/v2\/comments?post=83951"}],"version-history":[{"count":1,"href":"https:\/\/vocesparalelas.com.ar\/sitio\/wp-json\/wp\/v2\/posts\/83951\/revisions"}],"predecessor-version":[{"id":83954,"href":"https:\/\/vocesparalelas.com.ar\/sitio\/wp-json\/wp\/v2\/posts\/83951\/revisions\/83954"}],"wp:featuredmedia":[{"embeddable":true,"href":"https:\/\/vocesparalelas.com.ar\/sitio\/wp-json\/wp\/v2\/media\/50281"}],"wp:attachment":[{"href":"https:\/\/vocesparalelas.com.ar\/sitio\/wp-json\/wp\/v2\/media?parent=83951"}],"wp:term":[{"taxonomy":"category","embeddable":true,"href":"https:\/\/vocesparalelas.com.ar\/sitio\/wp-json\/wp\/v2\/categories?post=83951"},{"taxonomy":"post_tag","embeddable":true,"href":"https:\/\/vocesparalelas.com.ar\/sitio\/wp-json\/wp\/v2\/tags?post=83951"}],"curies":[{"name":"wp","href":"https:\/\/api.w.org\/{rel}","templated":true}]}}