{"id":83945,"date":"2025-03-17T22:10:24","date_gmt":"2025-03-18T01:10:24","guid":{"rendered":"https:\/\/vocesparalelas.com.ar\/sitio\/?p=83945"},"modified":"2025-03-18T13:59:58","modified_gmt":"2025-03-18T16:59:58","slug":"disfruta-festibach-en-san-juan","status":"publish","type":"post","link":"https:\/\/vocesparalelas.com.ar\/sitio\/disfruta-festibach-en-san-juan\/","title":{"rendered":"Disfruta FestiBach en San Juan"},"content":{"rendered":"<p>Bajo la direcci\u00f3n coral del maestro Guillermo L\u00f3pez, el 21; 22 y 23 de Marzo los interesados pueden disfrutar el legado de Bach\u00a0en un formato apto para todo p\u00fablico.<\/p>\n<p>Adem\u00e1s de la excepcional interpretaci\u00f3n musical, a cargo del Coro Bach, la Orquesta Escuela Juvenil y solistas instrumentales Juan Olgu\u00edn, Marcelo Mercado y Demi\u00e1n Sielecki, tambi\u00e9n hay intervenciones comentadas para comprender m\u00e1s sobre la m\u00fasica y la historia del destacado compositor alem\u00e1n.<\/p>\n<p>El\u00a0FestiBach\u00a0busca difundir y celebrar la obra de Bach en\u00a0San Juan, acerc\u00e1ndola a diversos p\u00fablicos en conciertos did\u00e1cticos. A trav\u00e9s de comentarios del propio maestro Guillermo L\u00f3pez, radicado en Alemania, creador del evento junto a Pablo Grossman, el p\u00fablico podr\u00e1 conocer la riqueza musical e hist\u00f3rica del compositor.<\/p>\n<p>La obra de\u00a0Johann Sebastian Bach\u00a0es muy vasta, se trata de uno de los compositores m\u00e1s influyentes y prol\u00edficos de la m\u00fasica occidental con m\u00e1s de 1100 obras. Sus 216 Cantatas son, seguramente, el aspecto menos conocido en relaci\u00f3n a la m\u00fasica para teclados, orquesta y m\u00fasica de c\u00e1mara.<\/p>\n<p>Esta edici\u00f3n cuenta con un plus ya que, por primera vez, llega a San Juan un instrumento \u00fanico. Se trata del\u00a0clavec\u00edn, r\u00e9plica de un original del 1700, tra\u00eddo desde\u00a0Alemania\u00a0con el apoyo de la\u00a0Embajada Alemana.<\/p>\n<p>Cabe destacar que el FestiBach es considerado un evento importante para la escena cultural de San Juan, ya que contribuye a enriquecer la oferta musical de la provincia. Una propuesta sugerida para todo el p\u00fablico interesado en la comprensi\u00f3n y el disfrute musical. Se trata de uno de los proyectos seleccionados en la convocatoria de\u00a0Ley de Mecenazgo 2025.<\/p>\n<p>La cita es el Viernes, 21 de Marzo, en la Iglesia de Santa B\u00e1rbara, Departamento Pocito,\u00a0a las 20, con entrada gratuita.<\/p>\n<p>El S\u00e1bado, 22 de Marzo, a las 20 hs.;, en la Sala Principal del Auditorio Ing. Juan Victoria,\u00a0 con entrada general de $6000. En estas dos fechas el repertorio es de 3 conciertos sol\u00edsticos: uno para oboe, uno para clavec\u00edn y una transcripci\u00f3n de otro para bandone\u00f3n.<\/p>\n<p>El Domingo, 23 de Marzo, a las 20 hs., con entrada general de $3000, el FestiBach oto\u00f1o 2025 culmina con un concierto de m\u00fasica de c\u00e1mara en la Iglesia Metodista, Avenida Alem 432 &#8211; S &#8211; Capital.<\/p>\n<p><span style=\"color: #ff6600;\"><strong>Sobre el FestiBach<\/strong><\/span><\/p>\n<p>En agosto de 2018 naci\u00f3 en San Juan el ciclo de \u201cConciertos Explicados\u201d, creado y dirigido por el maestro sanjuanino Guillermo L\u00f3pez, con la intenci\u00f3n de mostrar cada vez, dos diferentes cantatas de Johann Sebastian Bach.<\/p>\n<p>En abril de 2023, en conjunto con Pablo Grossman, nace el FestiBach.<\/p>\n<p>El objetivo central es dar a conocer no solo las cantatas que se ven\u00edan realizando, sino tambi\u00e9n obras instrumentales, tanto para solistas como de m\u00fasica de c\u00e1mara. Ofreciendo herramientas, a trav\u00e9s de los comentarios y ejemplos musicales, para ayudar comprender las incre\u00edbles creaciones de este m\u00fasico, conocer algunos de los muchos c\u00f3digos que Bach escond\u00eda en sus obras y saber un poco m\u00e1s del contexto barroco del 1700 en que fueron creadas.<\/p>\n<p>Este festival se realiza en primavera y oto\u00f1o. El nombre del proyecto de difusi\u00f3n de las cantatas, S.D.G. se refiere a la sigla con que Bach cerraba sus trabajos, y que en lat\u00edn quiere decir: \u201cSolo para la gloria de Dios\u201d. Este gesto de humildad en ofrecer obras que no tienen parang\u00f3n dentro de la historia de la m\u00fasica y ni siquiera firmarlas con su nombre, muestra un aspecto m\u00e1s de qui\u00e9n, a\u00fan despu\u00e9s de 300 a\u00f1os, sigue vigente por la genialidad de su m\u00fasica y la excelencia de sus valores humanos.<\/p>\n<p>Este proyecto tambi\u00e9n se lleva a cabo dos veces por a\u00f1o, con el\u00a0Ensamble Bach de Bariloche, donde Guillermo L\u00f3pez resid\u00eda antes de radicarse en Alemania.<\/p>\n","protected":false},"excerpt":{"rendered":"<p>Bajo la direcci\u00f3n coral del maestro Guillermo L\u00f3pez, el 21; 22 y 23 de Marzo los interesados pueden disfrutar el<\/p>\n","protected":false},"author":3,"featured_media":83948,"comment_status":"closed","ping_status":"closed","sticky":false,"template":"","format":"standard","meta":{"_acf_changed":false,"_seopress_robots_primary_cat":"none","_seopress_titles_title":"","_seopress_titles_desc":"","_seopress_robots_index":"","colormag_page_container_layout":"default_layout","colormag_page_sidebar_layout":"default_layout","footnotes":""},"categories":[20],"tags":[],"class_list":["post-83945","post","type-post","status-publish","format-standard","has-post-thumbnail","hentry","category-cartelera"],"acf":[],"_links":{"self":[{"href":"https:\/\/vocesparalelas.com.ar\/sitio\/wp-json\/wp\/v2\/posts\/83945","targetHints":{"allow":["GET"]}}],"collection":[{"href":"https:\/\/vocesparalelas.com.ar\/sitio\/wp-json\/wp\/v2\/posts"}],"about":[{"href":"https:\/\/vocesparalelas.com.ar\/sitio\/wp-json\/wp\/v2\/types\/post"}],"author":[{"embeddable":true,"href":"https:\/\/vocesparalelas.com.ar\/sitio\/wp-json\/wp\/v2\/users\/3"}],"replies":[{"embeddable":true,"href":"https:\/\/vocesparalelas.com.ar\/sitio\/wp-json\/wp\/v2\/comments?post=83945"}],"version-history":[{"count":1,"href":"https:\/\/vocesparalelas.com.ar\/sitio\/wp-json\/wp\/v2\/posts\/83945\/revisions"}],"predecessor-version":[{"id":83949,"href":"https:\/\/vocesparalelas.com.ar\/sitio\/wp-json\/wp\/v2\/posts\/83945\/revisions\/83949"}],"wp:featuredmedia":[{"embeddable":true,"href":"https:\/\/vocesparalelas.com.ar\/sitio\/wp-json\/wp\/v2\/media\/83948"}],"wp:attachment":[{"href":"https:\/\/vocesparalelas.com.ar\/sitio\/wp-json\/wp\/v2\/media?parent=83945"}],"wp:term":[{"taxonomy":"category","embeddable":true,"href":"https:\/\/vocesparalelas.com.ar\/sitio\/wp-json\/wp\/v2\/categories?post=83945"},{"taxonomy":"post_tag","embeddable":true,"href":"https:\/\/vocesparalelas.com.ar\/sitio\/wp-json\/wp\/v2\/tags?post=83945"}],"curies":[{"name":"wp","href":"https:\/\/api.w.org\/{rel}","templated":true}]}}