{"id":83934,"date":"2025-03-17T23:00:22","date_gmt":"2025-03-18T02:00:22","guid":{"rendered":"https:\/\/vocesparalelas.com.ar\/sitio\/?p=83934"},"modified":"2025-03-18T21:25:06","modified_gmt":"2025-03-19T00:25:06","slug":"el-espacio-sumar-unsj-tiene-los-candidatos-a-rector-arq-guillermo-velasco-y-a-vicerrectora-dra-monica-ruiz-2025-2029","status":"publish","type":"post","link":"https:\/\/vocesparalelas.com.ar\/sitio\/el-espacio-sumar-unsj-tiene-los-candidatos-a-rector-arq-guillermo-velasco-y-a-vicerrectora-dra-monica-ruiz-2025-2029\/","title":{"rendered":"El Espacio Sumar UNSJ tiene los candidatos a Rector Arq. Guillermo Velasco y a Vicerrectora Dra. M\u00f3nica Ruiz 2025 \u2013 2029"},"content":{"rendered":"<p>La Universidad Nacional de San Juan se prepara para las elecciones 2025 en Junio con la renovaci\u00f3n de autoridades en los distintos estamentos<\/p>\n<ul>\n<li>Rectorado: Rector y Vicerrector<\/li>\n<li>Facultad de Ingenier\u00eda: Decano y Vicedecano<\/li>\n<li>Facultad de Ciencias Exactas, F\u00edsicas y Naturales: Decano y Vicedecano<\/li>\n<li>Facultad de Filosof\u00eda, Humanidades y Artes: Decano y Vicedecano<\/li>\n<li>Facultad de Ciencias Sociales. Decano y Vicedecano<\/li>\n<li>Facultad de Arquitectura, Urbanismo y Dise\u00f1o: Decano y Vicedecano<\/li>\n<li>Escuela de Universitaria de Ciencias de la Salud: Director y Vicedirector<\/li>\n<\/ul>\n<p>En este tiempo se han formado distintos espacios que trabajan para armar un proyecto de Gesti\u00f3n 2025 \u2013 2029 para generar la Universidad Nacional de San Juan que buscan guiar.<\/p>\n<p>En esta oportunidad, el Espacio Sumar UNSJ tiene los candidatos a Rector Arq. Guillermo Velasco y a Vicerrectora Dra. M\u00f3nica Ruiz 2025 \u2013 2029 una opci\u00f3n que apunta sumar propuestas , crear comunidad .<\/p>\n<figure id=\"attachment_83940\" aria-describedby=\"caption-attachment-83940\" style=\"width: 800px\" class=\"wp-caption alignnone\"><img loading=\"lazy\" decoding=\"async\" class=\"size-full wp-image-83940\" src=\"https:\/\/vocesparalelas.com.ar\/sitio\/wp-content\/uploads\/2025\/03\/UNSJ-CANDIDATO-ARQ.-GUILLERMO-VELASCO.jpg\" alt=\"\" width=\"800\" height=\"533\" srcset=\"https:\/\/vocesparalelas.com.ar\/sitio\/wp-content\/uploads\/2025\/03\/UNSJ-CANDIDATO-ARQ.-GUILLERMO-VELASCO.jpg 800w, https:\/\/vocesparalelas.com.ar\/sitio\/wp-content\/uploads\/2025\/03\/UNSJ-CANDIDATO-ARQ.-GUILLERMO-VELASCO-300x200.jpg 300w, https:\/\/vocesparalelas.com.ar\/sitio\/wp-content\/uploads\/2025\/03\/UNSJ-CANDIDATO-ARQ.-GUILLERMO-VELASCO-768x512.jpg 768w\" sizes=\"auto, (max-width: 800px) 100vw, 800px\" \/><figcaption id=\"caption-attachment-83940\" class=\"wp-caption-text\">Espacio Sumar UNSJ, candidato a Rector Arq. Guillermo Velasco,<\/figcaption><\/figure>\n<p>Es as\u00ed, que Voces Paralelas desarroll\u00f3 una Entrevista Period\u00edstica al candidato a Rector Arq. Guillermo Velasco, quien describi\u00f3 el proceso de la creaci\u00f3n del Espacio Sumar UNSJ y hacia donde busca captar a los electores de la UNSJ.<\/p>\n<p><iframe loading=\"lazy\" title=\"UNSJ CANDIDATO ARQ GUILLERMO VELASCO\" width=\"800\" height=\"450\" src=\"https:\/\/www.youtube.com\/embed\/pPF38vWFp3Q?feature=oembed\" frameborder=\"0\" allow=\"accelerometer; autoplay; clipboard-write; encrypted-media; gyroscope; picture-in-picture; web-share\" referrerpolicy=\"strict-origin-when-cross-origin\" allowfullscreen><\/iframe><\/p>\n<p>&nbsp;<\/p>\n<p><strong><span style=\"color: #0000ff;\">Los candidatos que representan al espacio Sumar UNSJ en distintas unidades acad\u00e9micas, entre ellos.<\/span><\/strong><\/p>\n<ul>\n<li>Alejandra Pittaluga, candidata a decana en la Facultad de Ciencias Exactas, F\u00edsicas y Naturales por la agrupaci\u00f3n Ser de Exactas, acompa\u00f1ada por el Lic. en Inform\u00e1tica Manuel Ortega.<\/li>\n<li>V\u00edctor Do\u00f1a, candidato a decano en la Facultad de Ingenieria por la agrupaci\u00f3n Sumar Ingenier\u00eda, acompa\u00f1ado por el Dr. Ing. Emanuel Serrano como candidato a vicedecano.<\/li>\n<li>Carlos Herrera, candidato en la Facultad de Arquitectura, Urbanismo y Dise\u00f1o por la agrupaci\u00f3n Trazos FAUD, acompa\u00f1ado por la Arq. A\u00edda C\u00e1liz como candidata a vicedecana.<\/li>\n<li>Ana Naranjo, candidata a la direcci\u00f3n de la Escuela Universitaria de Ciencias de la Salud por la agrupaci\u00f3n Sumar Salud, junto al Esp. Alejandro G\u00f3mez como candidato a vicedirector.<\/li>\n<\/ul>\n<p><strong><span style=\"color: #0000ff;\">EJES CENTRALES DEL PLAN DE GOBIERNO<\/span><\/strong><\/p>\n<p><strong><span style=\"color: #0000ff;\">Un liderazgo s\u00f3lido para un contexto desafiante<\/span><\/strong><\/p>\n<p>En un escenario caracterizado por una creciente fragmentaci\u00f3n, el individualismo, el descr\u00e9dito de los partidos pol\u00edticos y el hostigamiento del gobierno nacional hacia lo p\u00fablico-incluyendo el sistema de salud, el sistema universitario y los organismos de investigaci\u00f3n (CONICET, INTI, INTA, etc.)-, la UNSJ enfrenta la ausencia de un proyecto institucional propio. Frente a este panorama, Sumar UNSJ propone un modelo de gesti\u00f3n s\u00f3lido, orientado al fortalecimiento de la universidad p\u00fablica.<\/p>\n<p>El contexto actual exige autoridades con liderazgo, experiencia comprobable en gesti\u00f3n y un proyecto institucional colectivo. Es imprescindible contar con un equipo con respaldo plural, capaz de desarrollar una propuesta acad\u00e9mica e institucional renovadora y de alto impacto.<\/p>\n<p>Este espacio se sustenta en el concepto de SUMAR: ante una realidad que busca dividir y enfrentar, el desaf\u00edo es SUMAR esfuerzos, proyectos y voluntades. Bajo el lema \u00abSumar Propuestas &#8211; Crear Comunidad\u00bb, se promueve un trabajo conjunto en el que los intereses institucionales primen sobre los sectoriales o individuales.<\/p>\n<p>\u00abConstruiremos una UNSJ democr\u00e1tica, din\u00e1mica, eficiente, ordenada, pluralista y vinculada, que considere la integralidad y las particularidades de cada unidad acad\u00e9mica, y que tenga como pilares la educaci\u00f3n, la investigaci\u00f3n y la vinculaci\u00f3n con el medio.\u00bb<\/p>\n<p><strong><span style=\"color: #0000ff;\">PARA TRANSFORMAR LA UNSJ EN UN SISTEMA EFICIENTE<\/span><\/strong><\/p>\n<ul>\n<li><strong><span style=\"color: #0000ff;\">LA GESTI\u00d3N:<\/span><\/strong> Un plan de trabajo claro, con objetivos bien definidos y construido colectivamente. Liderado por autoridades con visi\u00f3n estrat\u00e9gica y capacidad de decisi\u00f3n, priorizando el uso eficiente de los fondos y la b\u00fasqueda de recursos adicionales. Nuestro compromiso es asumir los desafios de la UNSJ y darles soluciones concretas con experiencia y conocimiento.<\/li>\n<li><span style=\"color: #0000ff;\"><strong>LA TRANSPARENCIA:<\/strong><\/span> En un contexto donde lo p\u00fablico es constantemente cuestionado y los fondos universitarios son vistos como un gasto, es esencial administrar con transparencia y demostrar a la sociedad que la universidad es un motor de desarrollo. Somos ejecutores de pol\u00edticas p\u00fablicas con impacto social y nos comprometemos a actuar en consecuencia.<\/li>\n<li><strong><span style=\"color: #0000ff;\">LA INNOVACI\u00d3N:<\/span> <\/strong>Creemos que otra universidad es posible. Desde el primer d\u00eda, asumiremos el compromiso de impulsar las reformas necesarias para modernizar la UNSJ, priorizando la tecnolog\u00eda, la calidad educativa y la actualizaci\u00f3n de programas y proyectos que la posicionen a la vanguardia.<\/li>\n<li><strong><span style=\"color: #0000ff;\">LA VINCULACI\u00d3N:<\/span> <\/strong>La universidad debe fortalecer sus capacidades internas e integrarse estrat\u00e9gicamente con el entorno. Buscamos consolidar vinculos con municipios, el gobierno provincial, organismos de ciencia y t\u00e9cnica, y un actor clave como el sector privado, promoviendo una UNSJ con impacto real en la sociedad.<\/li>\n<\/ul>\n<p><span style=\"color: #0000ff;\"><strong>LA UNIVERSIDAD QUE QUEREMOS<\/strong><\/span><\/p>\n<ul>\n<li>Participativa, pluralista e inclusiva, en la que las autoridades electas y los \u00f3rganos colegiados sean fundamentales en la toma de decisiones (Consejo Superior y Consejos Directivos). Defendemos la diversidad en todas sus expresiones y el fortalecimiento de programas que promuevan la equidad y combatan la violencia.<\/li>\n<li>Con un rumbo claro, basado en un plan estrat\u00e9gico acad\u00e9mico-institucional, abierto a la participaci\u00f3n de toda la comunidad universitaria y de distintos sectores sociales. La UNSJ necesita una direcci\u00f3n colectiva que Impulse los cambios urgentes que demanda la educaci\u00f3n superior.<\/li>\n<li>Con una gesti\u00f3n que priorice los recursos en educaci\u00f3n, investigaci\u00f3n y extensi\u00f3n, respondiendo a las necesidades de las unidades acad\u00e9micas, que son el coraz\u00f3n de la universidad p\u00fablica. Defendemos la gratuidad de la universidad como un derecho humano y la gesti\u00f3n eficiente del presupuesto universitario, garantizado por el gobierno nacional. Adem\u00e1s, impulsamos la generaci\u00f3n de recursos externos, tanto p\u00fablicos como privados, nacionales e internacionales, que permitan el crecimiento institucional.<\/li>\n<\/ul>\n<p>\u00abVamos a construir una universidad con m\u00e1s apoyo a las unidades acad\u00e9micas, que modernice su infraestructura y nos ponga a la vanguardia tecnol\u00f3gica. Digitalizaremos los tr\u00e1mites y gestiones para ganar en eficiencia y transparencia. Implementaremos un plan de obras para garantizar condiciones \u00f3ptimas de higiene y seguridad en todas las sedes\u00bb.<\/p>\n<p><img loading=\"lazy\" decoding=\"async\" class=\"alignnone size-large wp-image-83943 aligncenter\" src=\"https:\/\/vocesparalelas.com.ar\/sitio\/wp-content\/uploads\/2025\/03\/SUMAR-UNSJ-VELASCO-RUIZ-01-640x800.jpg\" alt=\"\" width=\"640\" height=\"800\" srcset=\"https:\/\/vocesparalelas.com.ar\/sitio\/wp-content\/uploads\/2025\/03\/SUMAR-UNSJ-VELASCO-RUIZ-01-640x800.jpg 640w, https:\/\/vocesparalelas.com.ar\/sitio\/wp-content\/uploads\/2025\/03\/SUMAR-UNSJ-VELASCO-RUIZ-01-240x300.jpg 240w, https:\/\/vocesparalelas.com.ar\/sitio\/wp-content\/uploads\/2025\/03\/SUMAR-UNSJ-VELASCO-RUIZ-01-768x960.jpg 768w, https:\/\/vocesparalelas.com.ar\/sitio\/wp-content\/uploads\/2025\/03\/SUMAR-UNSJ-VELASCO-RUIZ-01.jpg 800w\" sizes=\"auto, (max-width: 640px) 100vw, 640px\" \/><\/p>\n<p>&nbsp;<\/p>\n","protected":false},"excerpt":{"rendered":"<p>La Universidad Nacional de San Juan se prepara para las elecciones 2025 en Junio con la renovaci\u00f3n de autoridades en<\/p>\n","protected":false},"author":3,"featured_media":83937,"comment_status":"closed","ping_status":"closed","sticky":false,"template":"","format":"standard","meta":{"_acf_changed":false,"_seopress_robots_primary_cat":"none","_seopress_titles_title":"","_seopress_titles_desc":"","_seopress_robots_index":"","colormag_page_container_layout":"default_layout","colormag_page_sidebar_layout":"default_layout","footnotes":""},"categories":[10,7],"tags":[],"class_list":["post-83934","post","type-post","status-publish","format-standard","has-post-thumbnail","hentry","category-opiniones","category-videos"],"acf":[],"_links":{"self":[{"href":"https:\/\/vocesparalelas.com.ar\/sitio\/wp-json\/wp\/v2\/posts\/83934","targetHints":{"allow":["GET"]}}],"collection":[{"href":"https:\/\/vocesparalelas.com.ar\/sitio\/wp-json\/wp\/v2\/posts"}],"about":[{"href":"https:\/\/vocesparalelas.com.ar\/sitio\/wp-json\/wp\/v2\/types\/post"}],"author":[{"embeddable":true,"href":"https:\/\/vocesparalelas.com.ar\/sitio\/wp-json\/wp\/v2\/users\/3"}],"replies":[{"embeddable":true,"href":"https:\/\/vocesparalelas.com.ar\/sitio\/wp-json\/wp\/v2\/comments?post=83934"}],"version-history":[{"count":6,"href":"https:\/\/vocesparalelas.com.ar\/sitio\/wp-json\/wp\/v2\/posts\/83934\/revisions"}],"predecessor-version":[{"id":83950,"href":"https:\/\/vocesparalelas.com.ar\/sitio\/wp-json\/wp\/v2\/posts\/83934\/revisions\/83950"}],"wp:featuredmedia":[{"embeddable":true,"href":"https:\/\/vocesparalelas.com.ar\/sitio\/wp-json\/wp\/v2\/media\/83937"}],"wp:attachment":[{"href":"https:\/\/vocesparalelas.com.ar\/sitio\/wp-json\/wp\/v2\/media?parent=83934"}],"wp:term":[{"taxonomy":"category","embeddable":true,"href":"https:\/\/vocesparalelas.com.ar\/sitio\/wp-json\/wp\/v2\/categories?post=83934"},{"taxonomy":"post_tag","embeddable":true,"href":"https:\/\/vocesparalelas.com.ar\/sitio\/wp-json\/wp\/v2\/tags?post=83934"}],"curies":[{"name":"wp","href":"https:\/\/api.w.org\/{rel}","templated":true}]}}