{"id":83930,"date":"2025-03-17T22:30:27","date_gmt":"2025-03-18T01:30:27","guid":{"rendered":"https:\/\/vocesparalelas.com.ar\/sitio\/?p=83930"},"modified":"2025-03-18T21:00:04","modified_gmt":"2025-03-19T00:00:04","slug":"comienza-el-camino-de-descubrir-el-emprendimiento-argentino-2025-en-san-juan","status":"publish","type":"post","link":"https:\/\/vocesparalelas.com.ar\/sitio\/comienza-el-camino-de-descubrir-el-emprendimiento-argentino-2025-en-san-juan\/","title":{"rendered":"Comienza el camino de descubrir el Emprendimiento Argentino 2025 en San Juan"},"content":{"rendered":"<p>El Ministerio de Producci\u00f3n, Trabajo e Innovaci\u00f3n del Gobierno de San Juan informa que comienza el camino de descubrir el Emprendimiento Argentino 2025.<\/p>\n<p><strong><span style=\"color: #ff6600;\">Etapas<\/span><\/strong><\/p>\n<ul>\n<li>La primera es la provincial donde se realiza una selecci\u00f3n de 6 a 20 emprendimientos locales, 3-10 por categor\u00eda.<\/li>\n<li>La segunda es la Final Nacional, que se lleva a cabo el 18 de Septiembre, en la que forman parte los finalistas para una competencia con rondas de pitch, mentor\u00edas y networking con la entrega de premios y reconocimientos.<\/li>\n<\/ul>\n<p><span style=\"color: #ff6600;\"><strong>Categor\u00edas<\/strong><\/span><\/p>\n<ul>\n<li>Desarrollo Inicial: abarca aquellos con menos de 2 a\u00f1os de ventas<\/li>\n<li>Consolidaci\u00f3n: para los que tienen m\u00e1s de 2 y hasta 7 a\u00f1os de trayectoria.<\/li>\n<\/ul>\n<p>Es importante destacar que, los interesados en participar tienen tiempo de inscribirse hasta el 5 de Mayo inclusive.<\/p>\n<p>El gran ganador tiene la posibilidad de viajar a Arabia Saudita para competir en la Copa Mundial del Emprendimiento 2025, patrocinado por el Global Entrepreneurship Network &#8211; GEN.<\/p>\n<p>Adem\u00e1s, los seleccionados pueden recibir mentor\u00edas, descuentos en membres\u00edas, difusi\u00f3n medi\u00e1tica, participaci\u00f3n en rondas de negocios y eventos de networking.<\/p>\n<p>Es importante se\u00f1alar que el certamen federal est\u00e1 organizado por Secretar\u00eda de Peque\u00f1a, Mediana Empresa, Emprendedores y Econom\u00eda del Conocimiento de Naci\u00f3n en conjunto con el Ministerio de Producci\u00f3n, Trabajo e Innovaci\u00f3n a trav\u00e9s de la Direcci\u00f3n de Pymes y Emprendedores dependiente de la Secretar\u00eda de Coordinaci\u00f3n para el Desarrollo Econ\u00f3mico.<\/p>\n<p>Los emprendedores de San Juan que quieran participar tienen la posibilidad de ingresar, a trav\u00e9s de inscripci\u00f3n previa, del Zoom que se va a llevar a cabo el Lunes, 17 de Marzo<\/p>\n<p><a href=\"https:\/\/us02web.zoom.us\/j\/85840898781?pwd=UDeyBUzeJi3L2Us0hJJtZVbn52mccF.1\">https:\/\/us02web.zoom.us\/j\/85840898781?pwd=UDeyBUzeJi3L2Us0hJJtZVbn52mccF.1<\/a><\/p>\n<p>&nbsp;<\/p>\n<p><img loading=\"lazy\" decoding=\"async\" class=\"alignnone size-full wp-image-65642\" src=\"https:\/\/vocesparalelas.com.ar\/sitio\/wp-content\/uploads\/2023\/11\/GOBIERNO-SAN-JUAN.jpg\" alt=\"\" width=\"800\" height=\"600\" srcset=\"https:\/\/vocesparalelas.com.ar\/sitio\/wp-content\/uploads\/2023\/11\/GOBIERNO-SAN-JUAN.jpg 800w, https:\/\/vocesparalelas.com.ar\/sitio\/wp-content\/uploads\/2023\/11\/GOBIERNO-SAN-JUAN-300x225.jpg 300w, https:\/\/vocesparalelas.com.ar\/sitio\/wp-content\/uploads\/2023\/11\/GOBIERNO-SAN-JUAN-768x576.jpg 768w\" sizes=\"auto, (max-width: 800px) 100vw, 800px\" \/><\/p>\n","protected":false},"excerpt":{"rendered":"<p>El Ministerio de Producci\u00f3n, Trabajo e Innovaci\u00f3n del Gobierno de San Juan informa que comienza el camino de descubrir el<\/p>\n","protected":false},"author":3,"featured_media":39831,"comment_status":"closed","ping_status":"closed","sticky":false,"template":"","format":"standard","meta":{"_acf_changed":false,"_seopress_robots_primary_cat":"none","_seopress_titles_title":"","_seopress_titles_desc":"","_seopress_robots_index":"","colormag_page_container_layout":"default_layout","colormag_page_sidebar_layout":"default_layout","footnotes":""},"categories":[8],"tags":[],"class_list":["post-83930","post","type-post","status-publish","format-standard","has-post-thumbnail","hentry","category-concursos"],"acf":[],"_links":{"self":[{"href":"https:\/\/vocesparalelas.com.ar\/sitio\/wp-json\/wp\/v2\/posts\/83930","targetHints":{"allow":["GET"]}}],"collection":[{"href":"https:\/\/vocesparalelas.com.ar\/sitio\/wp-json\/wp\/v2\/posts"}],"about":[{"href":"https:\/\/vocesparalelas.com.ar\/sitio\/wp-json\/wp\/v2\/types\/post"}],"author":[{"embeddable":true,"href":"https:\/\/vocesparalelas.com.ar\/sitio\/wp-json\/wp\/v2\/users\/3"}],"replies":[{"embeddable":true,"href":"https:\/\/vocesparalelas.com.ar\/sitio\/wp-json\/wp\/v2\/comments?post=83930"}],"version-history":[{"count":1,"href":"https:\/\/vocesparalelas.com.ar\/sitio\/wp-json\/wp\/v2\/posts\/83930\/revisions"}],"predecessor-version":[{"id":83933,"href":"https:\/\/vocesparalelas.com.ar\/sitio\/wp-json\/wp\/v2\/posts\/83930\/revisions\/83933"}],"wp:featuredmedia":[{"embeddable":true,"href":"https:\/\/vocesparalelas.com.ar\/sitio\/wp-json\/wp\/v2\/media\/39831"}],"wp:attachment":[{"href":"https:\/\/vocesparalelas.com.ar\/sitio\/wp-json\/wp\/v2\/media?parent=83930"}],"wp:term":[{"taxonomy":"category","embeddable":true,"href":"https:\/\/vocesparalelas.com.ar\/sitio\/wp-json\/wp\/v2\/categories?post=83930"},{"taxonomy":"post_tag","embeddable":true,"href":"https:\/\/vocesparalelas.com.ar\/sitio\/wp-json\/wp\/v2\/tags?post=83930"}],"curies":[{"name":"wp","href":"https:\/\/api.w.org\/{rel}","templated":true}]}}