{"id":83923,"date":"2025-03-17T22:02:33","date_gmt":"2025-03-18T01:02:33","guid":{"rendered":"https:\/\/vocesparalelas.com.ar\/sitio\/?p=83923"},"modified":"2025-03-18T14:00:28","modified_gmt":"2025-03-18T17:00:28","slug":"mas-cerca-de-la-ampliacion-de-la-estacion-transformadora-nueva-san-juan","status":"publish","type":"post","link":"https:\/\/vocesparalelas.com.ar\/sitio\/mas-cerca-de-la-ampliacion-de-la-estacion-transformadora-nueva-san-juan\/","title":{"rendered":"M\u00e1s cerca de la ampliaci\u00f3n de la Estaci\u00f3n Transformadora Nueva San Juan"},"content":{"rendered":"<p>El Lunes, 17 de Marzo se desarroll\u00f3 la apertura del Sobre N\u00b0 1 de la Licitaci\u00f3n P\u00fablica Nacional N\u00b0 02\/2024, un paso clave para la ampliaci\u00f3n de la Estaci\u00f3n Transformadora Nueva San Juan.<\/p>\n<p>Particip\u00f3 el presidente del EPRE, Ing. Oscar Trad; el vicepresidente del EPRE, Ing. Roberto Ferrero; el director de Recursos Energ\u00e9ticos, Ing. Jos\u00e9 Mar\u00eda Ginestar y la escribana mayor de Gobierno, Dra. Mayra Manzini.<\/p>\n<p>Esta obra permitir\u00e1 la instalaci\u00f3n de un segundo transformador\u00a0de 450 MVA 500\/132 kV, duplicando la capacidad de transformaci\u00f3n de energ\u00eda en la provincia. Actualmente, San Juan recibe electricidad a trav\u00e9s de la l\u00ednea de 500 kV San Juan-Mendoza, que debe reducir su tensi\u00f3n para su distribuci\u00f3n. La estaci\u00f3n transformadora cumple esa funci\u00f3n, pero hasta ahora solo cuenta con un transformador capaz de procesar la mitad de la energ\u00eda que la l\u00ednea puede transportar.<\/p>\n<p>En mayo, el Gobierno de San Juan realiz\u00f3 una licitaci\u00f3n para la compra de un nuevo transformador, actualmente en fabricaci\u00f3n en Santa Fe. Ahora, con esta nueva licitaci\u00f3n, se ejecutar\u00e1n las obras necesarias para su instalaci\u00f3n, incluyendo la construcci\u00f3n de bases, edificios y el montaje de equipos el\u00e9ctricos.<\/p>\n<p>Con esta ampliaci\u00f3n, la provincia alcanzar\u00e1 una capacidad de transformaci\u00f3n de 900 MVA, lo que permitir\u00e1 no solo garantizar el abastecimiento de energ\u00eda a hogares, comercios, industrias y el sector agr\u00edcola, sino tambi\u00e9n potenciar el desarrollo de proyectos estrat\u00e9gicos como la miner\u00eda. Adem\u00e1s, con el crecimiento del parque solar en la provincia, se podr\u00e1 enviar energ\u00eda hacia el Sistema Argentino de Interconexi\u00f3n (SADI), fortaleciendo la participaci\u00f3n de San Juan en la matriz energ\u00e9tica nacional.<\/p>\n<p>Este avance en infraestructura energ\u00e9tica es fundamental para asegurar el desarrollo y crecimiento de la provincia en las pr\u00f3ximas d\u00e9cadas.<\/p>\n<p>&nbsp;<\/p>\n<p><img loading=\"lazy\" decoding=\"async\" class=\"alignnone size-full wp-image-65642\" src=\"https:\/\/vocesparalelas.com.ar\/sitio\/wp-content\/uploads\/2023\/11\/GOBIERNO-SAN-JUAN.jpg\" alt=\"\" width=\"800\" height=\"600\" srcset=\"https:\/\/vocesparalelas.com.ar\/sitio\/wp-content\/uploads\/2023\/11\/GOBIERNO-SAN-JUAN.jpg 800w, https:\/\/vocesparalelas.com.ar\/sitio\/wp-content\/uploads\/2023\/11\/GOBIERNO-SAN-JUAN-300x225.jpg 300w, https:\/\/vocesparalelas.com.ar\/sitio\/wp-content\/uploads\/2023\/11\/GOBIERNO-SAN-JUAN-768x576.jpg 768w\" sizes=\"auto, (max-width: 800px) 100vw, 800px\" \/><\/p>\n","protected":false},"excerpt":{"rendered":"<p>El Lunes, 17 de Marzo se desarroll\u00f3 la apertura del Sobre N\u00b0 1 de la Licitaci\u00f3n P\u00fablica Nacional N\u00b0 02\/2024,<\/p>\n","protected":false},"author":3,"featured_media":83928,"comment_status":"closed","ping_status":"closed","sticky":false,"template":"","format":"standard","meta":{"_acf_changed":false,"_seopress_robots_primary_cat":"none","_seopress_titles_title":"","_seopress_titles_desc":"","_seopress_robots_index":"","colormag_page_container_layout":"default_layout","colormag_page_sidebar_layout":"default_layout","footnotes":""},"categories":[8],"tags":[],"class_list":["post-83923","post","type-post","status-publish","format-standard","has-post-thumbnail","hentry","category-concursos"],"acf":[],"_links":{"self":[{"href":"https:\/\/vocesparalelas.com.ar\/sitio\/wp-json\/wp\/v2\/posts\/83923","targetHints":{"allow":["GET"]}}],"collection":[{"href":"https:\/\/vocesparalelas.com.ar\/sitio\/wp-json\/wp\/v2\/posts"}],"about":[{"href":"https:\/\/vocesparalelas.com.ar\/sitio\/wp-json\/wp\/v2\/types\/post"}],"author":[{"embeddable":true,"href":"https:\/\/vocesparalelas.com.ar\/sitio\/wp-json\/wp\/v2\/users\/3"}],"replies":[{"embeddable":true,"href":"https:\/\/vocesparalelas.com.ar\/sitio\/wp-json\/wp\/v2\/comments?post=83923"}],"version-history":[{"count":1,"href":"https:\/\/vocesparalelas.com.ar\/sitio\/wp-json\/wp\/v2\/posts\/83923\/revisions"}],"predecessor-version":[{"id":83929,"href":"https:\/\/vocesparalelas.com.ar\/sitio\/wp-json\/wp\/v2\/posts\/83923\/revisions\/83929"}],"wp:featuredmedia":[{"embeddable":true,"href":"https:\/\/vocesparalelas.com.ar\/sitio\/wp-json\/wp\/v2\/media\/83928"}],"wp:attachment":[{"href":"https:\/\/vocesparalelas.com.ar\/sitio\/wp-json\/wp\/v2\/media?parent=83923"}],"wp:term":[{"taxonomy":"category","embeddable":true,"href":"https:\/\/vocesparalelas.com.ar\/sitio\/wp-json\/wp\/v2\/categories?post=83923"},{"taxonomy":"post_tag","embeddable":true,"href":"https:\/\/vocesparalelas.com.ar\/sitio\/wp-json\/wp\/v2\/tags?post=83923"}],"curies":[{"name":"wp","href":"https:\/\/api.w.org\/{rel}","templated":true}]}}