{"id":83917,"date":"2025-03-17T21:13:29","date_gmt":"2025-03-18T00:13:29","guid":{"rendered":"https:\/\/vocesparalelas.com.ar\/sitio\/?p=83917"},"modified":"2025-03-18T21:01:05","modified_gmt":"2025-03-19T00:01:05","slug":"el-dr-enrique-alejandro-delgado-fue-designado-secretario-de-seguridad-y-orden-publico-del-gobierno-de-san-juan","status":"publish","type":"post","link":"https:\/\/vocesparalelas.com.ar\/sitio\/el-dr-enrique-alejandro-delgado-fue-designado-secretario-de-seguridad-y-orden-publico-del-gobierno-de-san-juan\/","title":{"rendered":"El Dr. Enrique Alejandro Delgado fue designado Secretario de Seguridad y Orden P\u00fablico del Gobierno de San Juan"},"content":{"rendered":"<p>El gobierno de San Juan informa que design\u00f3 al nuevo Secretario de Seguridad y Orden P\u00fablico, Dr. Enrique Delgado. Actualmente se desempe\u00f1a como director del Servicio Penitenciario Provincial.<\/p>\n<p><strong><span style=\"color: #ff6600;\">Datos del Dr. Enrique Alejandro Delgado<\/span><\/strong><\/p>\n<p>Es abogado y pol\u00edtico, egresado de la Universidad Nacional de la Rioja. Est\u00e1 casado con la Lic. Natalia Ferrer y tiene cuatro hijos.<\/p>\n<p>Entre su amplia trayectoria laboral, fue vicepresidente del Foro de Abogados de San Juan, en el per\u00edodo 2016 y 2018. Asimismo, form\u00f3 parte de su Directorio en car\u00e1cter ad honorem, entre 2014 y 2018.<\/p>\n<p>Fue titular de la Direcci\u00f3n Nacional de Migraciones Delegaci\u00f3n San Juan, en el ciclo 2018 a 2019. Se desempe\u00f1\u00f3 como asesor del Consejo de la Magistratura de la Naci\u00f3n, entre noviembre de 2022 y diciembre de 2023.<\/p>\n<p>El Dr. Delgado dio sus primeros pasos laborales como funcionario del Servicio Penitenciario Provincial (SPP). Ingres\u00f3 en 1987 y se retir\u00f3 con la jerarqu\u00eda de Sub Prefecto en 2004, siendo supervisor de la Asesor\u00eda Jur\u00eddica Contable.<\/p>\n<p>Se consagr\u00f3 como el primer penitenciario retirado en asumir el cargo de director del SPP en diciembre de 2023; puesto que ocupa hasta el presente.<\/p>\n<p>Asimismo, es miembro de la Comisi\u00f3n de Pol\u00edtica Criminal y Asuntos Penitenciarios de la Federaci\u00f3n Argentina de Colegios de Abogados &#8211; FACA &#8211; y, como tal, fue postulado por esta a cubrir un puesto para el Comit\u00e9 Nacional para la Prevenci\u00f3n de la Tortura, art. 18 de la Ley 26.827.<\/p>\n<p>Desde 2017 ocupa el cargo como Miembro Mayor de la Federaci\u00f3n Interamericana de Abogados<br \/>\n(IABA-FIA). En noviembre de 2023, fue designado como vicepresidente del \u201cComit\u00e9 XIII: El Libre<br \/>\nEjercicio Profesional\u201d de la IABA-FIA.<\/p>\n<p>Paralelamente, ha llevado adelante su profesi\u00f3n como abogado litigante en materia civil desde 2002.<\/p>\n<p>&nbsp;<\/p>\n<p><img loading=\"lazy\" decoding=\"async\" class=\"alignnone size-full wp-image-65642\" src=\"https:\/\/vocesparalelas.com.ar\/sitio\/wp-content\/uploads\/2023\/11\/GOBIERNO-SAN-JUAN.jpg\" alt=\"\" width=\"800\" height=\"600\" srcset=\"https:\/\/vocesparalelas.com.ar\/sitio\/wp-content\/uploads\/2023\/11\/GOBIERNO-SAN-JUAN.jpg 800w, https:\/\/vocesparalelas.com.ar\/sitio\/wp-content\/uploads\/2023\/11\/GOBIERNO-SAN-JUAN-300x225.jpg 300w, https:\/\/vocesparalelas.com.ar\/sitio\/wp-content\/uploads\/2023\/11\/GOBIERNO-SAN-JUAN-768x576.jpg 768w\" sizes=\"auto, (max-width: 800px) 100vw, 800px\" \/><\/p>\n","protected":false},"excerpt":{"rendered":"<p>El gobierno de San Juan informa que design\u00f3 al nuevo Secretario de Seguridad y Orden P\u00fablico, Dr. Enrique Delgado. Actualmente<\/p>\n","protected":false},"author":3,"featured_media":83920,"comment_status":"closed","ping_status":"closed","sticky":false,"template":"","format":"standard","meta":{"_acf_changed":false,"_seopress_robots_primary_cat":"none","_seopress_titles_title":"","_seopress_titles_desc":"","_seopress_robots_index":"","colormag_page_container_layout":"default_layout","colormag_page_sidebar_layout":"default_layout","footnotes":""},"categories":[1],"tags":[],"class_list":["post-83917","post","type-post","status-publish","format-standard","has-post-thumbnail","hentry","category-destacadas"],"acf":[],"_links":{"self":[{"href":"https:\/\/vocesparalelas.com.ar\/sitio\/wp-json\/wp\/v2\/posts\/83917","targetHints":{"allow":["GET"]}}],"collection":[{"href":"https:\/\/vocesparalelas.com.ar\/sitio\/wp-json\/wp\/v2\/posts"}],"about":[{"href":"https:\/\/vocesparalelas.com.ar\/sitio\/wp-json\/wp\/v2\/types\/post"}],"author":[{"embeddable":true,"href":"https:\/\/vocesparalelas.com.ar\/sitio\/wp-json\/wp\/v2\/users\/3"}],"replies":[{"embeddable":true,"href":"https:\/\/vocesparalelas.com.ar\/sitio\/wp-json\/wp\/v2\/comments?post=83917"}],"version-history":[{"count":2,"href":"https:\/\/vocesparalelas.com.ar\/sitio\/wp-json\/wp\/v2\/posts\/83917\/revisions"}],"predecessor-version":[{"id":83922,"href":"https:\/\/vocesparalelas.com.ar\/sitio\/wp-json\/wp\/v2\/posts\/83917\/revisions\/83922"}],"wp:featuredmedia":[{"embeddable":true,"href":"https:\/\/vocesparalelas.com.ar\/sitio\/wp-json\/wp\/v2\/media\/83920"}],"wp:attachment":[{"href":"https:\/\/vocesparalelas.com.ar\/sitio\/wp-json\/wp\/v2\/media?parent=83917"}],"wp:term":[{"taxonomy":"category","embeddable":true,"href":"https:\/\/vocesparalelas.com.ar\/sitio\/wp-json\/wp\/v2\/categories?post=83917"},{"taxonomy":"post_tag","embeddable":true,"href":"https:\/\/vocesparalelas.com.ar\/sitio\/wp-json\/wp\/v2\/tags?post=83917"}],"curies":[{"name":"wp","href":"https:\/\/api.w.org\/{rel}","templated":true}]}}