{"id":83910,"date":"2025-03-17T18:46:43","date_gmt":"2025-03-17T21:46:43","guid":{"rendered":"https:\/\/vocesparalelas.com.ar\/sitio\/?p=83910"},"modified":"2025-03-18T11:33:21","modified_gmt":"2025-03-18T14:33:21","slug":"se-presento-el-programa-acciones-transformadoras-para-fomentar-la-inclusion-laboral-de-las-personas-privadas-de-la-libertad-en-san-juan","status":"publish","type":"post","link":"https:\/\/vocesparalelas.com.ar\/sitio\/se-presento-el-programa-acciones-transformadoras-para-fomentar-la-inclusion-laboral-de-las-personas-privadas-de-la-libertad-en-san-juan\/","title":{"rendered":"Se present\u00f3 el Programa \u00abAcciones Transformadoras\u00bb para fomentar la inclusi\u00f3n laboral de las personas privadas de la libertad en San Juan"},"content":{"rendered":"<p>El Servicio Penitenciario Provincial &#8211; SPP &#8211; lanz\u00f3 el programa de inclusi\u00f3n laboral y mantenimiento urbano denominado \u00abAcciones Transformadoras\u00bb, que fue presentado ante el Juzgado de Ejecuci\u00f3n Penal N\u00b01, a cargo del Dr. Federico Zapata.<\/p>\n<p>La iniciativa busca fomentar la inclusi\u00f3n laboral de las personas privadas de la libertad a trav\u00e9s de labores de mantenimiento urbano.<\/p>\n<p>De la reuni\u00f3n participaron el Dr. Zapata, director del SPP, Dr. Enrique Delgado; el subdirector, Subprefecto Carlos Su\u00e1rez; la responsable de la Oficina de Inclusi\u00f3n Laboral, Lic. Paula Bretillot, y el secretario de Juzgado, Dr. Javier Hidalgo.<\/p>\n<p>Este innovador programa tiene como objetivo central promover la reinserci\u00f3n social de personas privadas de la libertad (PPL) mediante actividades de mantenimiento urbano, como limpieza y desmalezamiento en espacios p\u00fablicos.<\/p>\n<p><span style=\"color: #ff6600;\"><strong>Fundamentos del programa<\/strong><\/span><\/p>\n<p>\u00abAcciones Transformadoras\u00bb es una iniciativa elaborada desde la Jefatura de Infraestructura y Laborterapia del SPP, en coordinaci\u00f3n con la Oficina de Inclusi\u00f3n Laboral. Su principal enfoque es fomentar la autodisciplina y el desarrollo de habilidades socio-emocionales y t\u00e9cnicas en las PPL que se encuentran en Periodo de Prueba con beneficios de Salidas Transitorias. Este programa, basado en los principios de la justicia restaurativa, tambi\u00e9n busca impactar positivamente en la comunidad a trav\u00e9s de la mejora de espacios urbanos, promoviendo un entorno limpio y seguro para los residentes.<\/p>\n<p>El programa tiene un doble impacto: a nivel comunitario, mejorando las condiciones socioambientales del entorno del SPP, y a nivel personal, facilitando la reinserci\u00f3n laboral y social de las PPL. Las acciones estar\u00e1n centradas en la limpieza, mantenimiento y desag\u00fce de sistemas de drenaje, garantizando la preservaci\u00f3n de \u00e1reas p\u00fablicas y evitando problemas de obstrucciones, presencia de insectos o roedores.<\/p>\n<p><strong><span style=\"color: #ff6600;\">Primera etapa de ejecuci\u00f3n<\/span><\/strong><\/p>\n<p>En su fase inicial, el programa se llevar\u00e1 a cabo en el camping del SPP y en los per\u00edmetros del establecimiento ubicados sobre calles Mart\u00edn Fierro y Av. Benavidez, extendi\u00e9ndose a terrenos bald\u00edos adyacentes. Se seleccionar\u00e1n entre 7 y 10 PPL, quienes participar\u00e1n de actividades semanales durante cuatro d\u00edas a la semana, en horario matutino. Estas tareas ser\u00e1n supervisadas por personal penitenciario capacitado y evaluadas de manera mensual, con el fin de generar informes que respalden su desempe\u00f1o.<\/p>\n<p>&nbsp;<\/p>\n<p>&nbsp;<\/p>\n","protected":false},"excerpt":{"rendered":"<p>El Servicio Penitenciario Provincial &#8211; SPP &#8211; lanz\u00f3 el programa de inclusi\u00f3n laboral y mantenimiento urbano denominado \u00abAcciones Transformadoras\u00bb, que<\/p>\n","protected":false},"author":3,"featured_media":83913,"comment_status":"closed","ping_status":"closed","sticky":false,"template":"","format":"standard","meta":{"_acf_changed":false,"_seopress_robots_primary_cat":"none","_seopress_titles_title":"","_seopress_titles_desc":"","_seopress_robots_index":"","colormag_page_container_layout":"default_layout","colormag_page_sidebar_layout":"default_layout","footnotes":""},"categories":[9],"tags":[],"class_list":["post-83910","post","type-post","status-publish","format-standard","has-post-thumbnail","hentry","category-cursos"],"acf":[],"_links":{"self":[{"href":"https:\/\/vocesparalelas.com.ar\/sitio\/wp-json\/wp\/v2\/posts\/83910","targetHints":{"allow":["GET"]}}],"collection":[{"href":"https:\/\/vocesparalelas.com.ar\/sitio\/wp-json\/wp\/v2\/posts"}],"about":[{"href":"https:\/\/vocesparalelas.com.ar\/sitio\/wp-json\/wp\/v2\/types\/post"}],"author":[{"embeddable":true,"href":"https:\/\/vocesparalelas.com.ar\/sitio\/wp-json\/wp\/v2\/users\/3"}],"replies":[{"embeddable":true,"href":"https:\/\/vocesparalelas.com.ar\/sitio\/wp-json\/wp\/v2\/comments?post=83910"}],"version-history":[{"count":1,"href":"https:\/\/vocesparalelas.com.ar\/sitio\/wp-json\/wp\/v2\/posts\/83910\/revisions"}],"predecessor-version":[{"id":83914,"href":"https:\/\/vocesparalelas.com.ar\/sitio\/wp-json\/wp\/v2\/posts\/83910\/revisions\/83914"}],"wp:featuredmedia":[{"embeddable":true,"href":"https:\/\/vocesparalelas.com.ar\/sitio\/wp-json\/wp\/v2\/media\/83913"}],"wp:attachment":[{"href":"https:\/\/vocesparalelas.com.ar\/sitio\/wp-json\/wp\/v2\/media?parent=83910"}],"wp:term":[{"taxonomy":"category","embeddable":true,"href":"https:\/\/vocesparalelas.com.ar\/sitio\/wp-json\/wp\/v2\/categories?post=83910"},{"taxonomy":"post_tag","embeddable":true,"href":"https:\/\/vocesparalelas.com.ar\/sitio\/wp-json\/wp\/v2\/tags?post=83910"}],"curies":[{"name":"wp","href":"https:\/\/api.w.org\/{rel}","templated":true}]}}