{"id":83866,"date":"2025-03-16T10:14:06","date_gmt":"2025-03-16T13:14:06","guid":{"rendered":"https:\/\/vocesparalelas.com.ar\/sitio\/?p=83866"},"modified":"2025-03-17T23:16:22","modified_gmt":"2025-03-18T02:16:22","slug":"revision-de-diferentes-paradas-de-colectivos-redtulum-con-la-actualizacion-y-renovacion-de-paradas-en-el-gran-san-juan","status":"publish","type":"post","link":"https:\/\/vocesparalelas.com.ar\/sitio\/revision-de-diferentes-paradas-de-colectivos-redtulum-con-la-actualizacion-y-renovacion-de-paradas-en-el-gran-san-juan\/","title":{"rendered":"Revisi\u00f3n de diferentes paradas de colectivos \u00abRedTulum\u00bb con la actualizaci\u00f3n y renovaci\u00f3n de paradas en el Gran San Juan"},"content":{"rendered":"<p>El Ministerio de Gobierno de San Juan junto con la Direcci\u00f3n de Coordinaci\u00f3n de RedTulum realiz\u00f3 una nueva revisi\u00f3n de diferentes paradas de colectivos, en el marco de la primera etapa de la labor que este espacio encara desde Diciembre de 2024.<\/p>\n<p>El objetivo de la tarea es constatar el estado f\u00edsico de los postes y carteler\u00eda que indica la parada de los colectivos, a fin de reparar y reponer la se\u00f1al\u00e9ctica que se encuentre da\u00f1ada, pero adem\u00e1s para optimizar los espacios geogr\u00e1ficos donde est\u00e1n colocados los postes y lograr una cobertura m\u00e1s eficiente del sistema.<\/p>\n<p>Para ello, la ministra de Gobierno, Dra. Laura Palma y el director Maximiliano Luj\u00e1n se hicieron presentes en diferentes puntos con paradas de RedTulum, constatando los trabajos de reparaci\u00f3n que se est\u00e1n llevando a cabo y localizando secciones que requieren obras de renovaci\u00f3n o de traslado.<\/p>\n<p>Cabe destacar que el Ministerio de Gobierno ha concretado la actualizaci\u00f3n y renovaci\u00f3n de la carteler\u00eda de m\u00e1s de 2000 postes de paradas de colectivos a finales de 2024, correspondientes a zonas del Gran San Juan y alrededores, as\u00ed como la colocaci\u00f3n y reubicaci\u00f3n de 100 postes. Estos trabajos incluyen la se\u00f1al\u00e9ctica de vinilos y chapas, as\u00ed como la remoci\u00f3n de los paneles centrales de los postes.<\/p>\n<p>Al tratarse de un sistema en constante evoluci\u00f3n, el servicio de RedTulum mantiene estas acciones de manera permanente y din\u00e1mica, con el fin de garantizar un mejor acceso de los ciudadanos al transporte p\u00fablico, priorizando el uso, necesidad del servicio y su demanda de parte de los vecinos.<\/p>\n<p><img loading=\"lazy\" decoding=\"async\" class=\"alignnone size-full wp-image-83870\" src=\"https:\/\/vocesparalelas.com.ar\/sitio\/wp-content\/uploads\/2025\/03\/REDTULUM-POSTES-PARADAS-02.jpg\" alt=\"\" width=\"800\" height=\"534\" srcset=\"https:\/\/vocesparalelas.com.ar\/sitio\/wp-content\/uploads\/2025\/03\/REDTULUM-POSTES-PARADAS-02.jpg 800w, https:\/\/vocesparalelas.com.ar\/sitio\/wp-content\/uploads\/2025\/03\/REDTULUM-POSTES-PARADAS-02-300x200.jpg 300w, https:\/\/vocesparalelas.com.ar\/sitio\/wp-content\/uploads\/2025\/03\/REDTULUM-POSTES-PARADAS-02-768x513.jpg 768w\" sizes=\"auto, (max-width: 800px) 100vw, 800px\" \/><\/p>\n<p>&nbsp;<\/p>\n","protected":false},"excerpt":{"rendered":"<p>El Ministerio de Gobierno de San Juan junto con la Direcci\u00f3n de Coordinaci\u00f3n de RedTulum realiz\u00f3 una nueva revisi\u00f3n de<\/p>\n","protected":false},"author":3,"featured_media":83869,"comment_status":"closed","ping_status":"closed","sticky":false,"template":"","format":"standard","meta":{"_acf_changed":false,"_seopress_robots_primary_cat":"none","_seopress_titles_title":"","_seopress_titles_desc":"","_seopress_robots_index":"","colormag_page_container_layout":"default_layout","colormag_page_sidebar_layout":"default_layout","footnotes":""},"categories":[2],"tags":[],"class_list":["post-83866","post","type-post","status-publish","format-standard","has-post-thumbnail","hentry","category-convocatorias"],"acf":[],"_links":{"self":[{"href":"https:\/\/vocesparalelas.com.ar\/sitio\/wp-json\/wp\/v2\/posts\/83866","targetHints":{"allow":["GET"]}}],"collection":[{"href":"https:\/\/vocesparalelas.com.ar\/sitio\/wp-json\/wp\/v2\/posts"}],"about":[{"href":"https:\/\/vocesparalelas.com.ar\/sitio\/wp-json\/wp\/v2\/types\/post"}],"author":[{"embeddable":true,"href":"https:\/\/vocesparalelas.com.ar\/sitio\/wp-json\/wp\/v2\/users\/3"}],"replies":[{"embeddable":true,"href":"https:\/\/vocesparalelas.com.ar\/sitio\/wp-json\/wp\/v2\/comments?post=83866"}],"version-history":[{"count":1,"href":"https:\/\/vocesparalelas.com.ar\/sitio\/wp-json\/wp\/v2\/posts\/83866\/revisions"}],"predecessor-version":[{"id":83871,"href":"https:\/\/vocesparalelas.com.ar\/sitio\/wp-json\/wp\/v2\/posts\/83866\/revisions\/83871"}],"wp:featuredmedia":[{"embeddable":true,"href":"https:\/\/vocesparalelas.com.ar\/sitio\/wp-json\/wp\/v2\/media\/83869"}],"wp:attachment":[{"href":"https:\/\/vocesparalelas.com.ar\/sitio\/wp-json\/wp\/v2\/media?parent=83866"}],"wp:term":[{"taxonomy":"category","embeddable":true,"href":"https:\/\/vocesparalelas.com.ar\/sitio\/wp-json\/wp\/v2\/categories?post=83866"},{"taxonomy":"post_tag","embeddable":true,"href":"https:\/\/vocesparalelas.com.ar\/sitio\/wp-json\/wp\/v2\/tags?post=83866"}],"curies":[{"name":"wp","href":"https:\/\/api.w.org\/{rel}","templated":true}]}}