{"id":83829,"date":"2025-03-14T20:55:11","date_gmt":"2025-03-14T23:55:11","guid":{"rendered":"https:\/\/vocesparalelas.com.ar\/sitio\/?p=83829"},"modified":"2025-03-14T20:57:43","modified_gmt":"2025-03-14T23:57:43","slug":"sesiono-el-parlamento-de-cuyo-en-san-juan","status":"publish","type":"post","link":"https:\/\/vocesparalelas.com.ar\/sitio\/sesiono-el-parlamento-de-cuyo-en-san-juan\/","title":{"rendered":"Sesion\u00f3 el Parlamento de Cuyo en San Juan"},"content":{"rendered":"<p>En el Recinto de Sesiones de la C\u00e1mara de Diputados de San Juan se desarroll\u00f3 una jornada extensa de debate del organismo regional Parlamento de Cuyo.<\/p>\n<p>Las tres comisiones conformadas durante la ma\u00f1ana de hoy mantuvieron sus reuniones individuales, y propusieron en la continuidad de la Sesi\u00f3n Plenaria la aprobaci\u00f3n de las conclusiones. Previo a ello, el presidente del Parlamento de Cuyo, senador Germ\u00e1n Vicchi, hizo moci\u00f3n de armar un expediente electr\u00f3nico de cada una de las comisiones, en donde las presentaciones realizadas sean parte. Luego, se armar\u00e1 un sitio web para cada una de las provincias pueda acceder a dichos expedientes, acci\u00f3n llevada adelante desde la Secretar\u00eda del Parlamento de Cuyo.<\/p>\n<p><span style=\"color: #666699;\"><strong>Conclusiones de cada comisi\u00f3n<\/strong><\/span><\/p>\n<p><span style=\"color: #666699;\"><strong>Mapa Tur\u00edstico Interprovincial<\/strong><\/span><\/p>\n<p>La Comisi\u00f3n cont\u00f3 con la participaci\u00f3n de Natalia L\u00f3pez y Juan Casta\u00f1ares, autoridades del Ministerio de Turismo, Cultura y Deporte del Gobierno de San Juan, quienes evacuaron algunas dudas.<\/p>\n<p>En primer lugar, se trabaj\u00f3 respecto al proyecto conjunto de las tres provincias y Naci\u00f3n, por el que se propone crear un Pasaporte Nacional Sanmartiniano que tendr\u00e1 su lanzamiento el d\u00eda 20 de marzo. Consta de 83 sitios que una vez completados generar\u00e1 beneficios. Los lugares se encuentran dentro de 12 provincias del pa\u00eds, certificados por el Instituto Nacional Sanmartiniano como espacios que visit\u00f3 San Mart\u00edn o que tienen trascendencia en el camino sanmartiniano.<\/p>\n<p>Este pasaporte tiene una importancia emotiva, educativa y con un gran car\u00e1cter de sentido patri\u00f3tico para todos los argentinos. Se declar\u00f3 de inter\u00e9s por parte del Parlamento, y se propuso que las Legislaturas de Cuyo declaren de Inter\u00e9s Provincial esta iniciativa.<\/p>\n<p><strong><span style=\"color: #666699;\">Adem\u00e1s, qued\u00f3 conformada la Comisi\u00f3n con la finalidad de trabajar en el 2025 los temas debatidos<\/span><\/strong><\/p>\n<ul>\n<li>Desarrollo del turismo religioso en las provincias de Cuyo. Esto basado en que existen una gran cantidad de destinos relativos a la fe y es importante fomentarlos.<\/li>\n<li>Mapa Tur\u00edstico Interprovincial de Cuyo.<\/li>\n<li>Ruta Nacional N\u00ba 149 que une Calingasta y Uspallata, que se encuentra deteriorada en diferentes tramos, por lo que ser\u00eda conveniente solicitar a Vialidad Nacional que tome partido en el asunto para su futuro arreglo y acondicionamiento.<\/li>\n<li>Marca y sello cuyo, tomando como referencia el de la Patagonia, con el objetivo principal de que sea un impulso para el turismo de la regi\u00f3n<\/li>\n<li>Planificaci\u00f3n Estrat\u00e9gica sobre Lugares Tur\u00edsticos: se considera necesario establecer par\u00e1metros respecto a la urbanizaci\u00f3n, servicios de los hogares y de los parajes.<\/li>\n<\/ul>\n<p><span style=\"color: #666699;\"><strong>Dengue<\/strong><\/span><\/p>\n<p>La Comisi\u00f3n cont\u00f3 con la participaci\u00f3n del ministro de Salud de San Juan, Dr. Amilcar Dobladez, quien dio detalles de las acciones realizadas en la regi\u00f3n al respecto. Luego de escuchar al funcionario, y de un amplio debate entre los integrantes presentes, se lleg\u00f3 a las siguientes conclusiones:<\/p>\n<ul>\n<li>Se detecta que, en las tres provincias, por medio de decretos y resoluciones se llevaron a cabo Planes para atacar el dengue.<\/li>\n<li>Se advierte la resistencia de algunos sectores y por tal raz\u00f3n se concluye que se debe trabajar para que las recomendaciones sean acatadas.<\/li>\n<li>Se debe continuar el trabajo de concientizaci\u00f3n durante todo el a\u00f1o, y generar legislaciones que fortalezcan y acompa\u00f1en el trabajo intersectorial y las decisiones pol\u00edticas.<\/li>\n<li>Las provincias intervinientes se comprometen en trabajar una legislaci\u00f3n que avale el abordaje interministerial, interdisciplinario, e intersectorial y que invite a los municipios a adherirse a la misma.<\/li>\n<\/ul>\n<p>Corredor Bioce\u00e1nico, Infraestructura, Obra P\u00fablica y Pasos Fronterizos, Agua Negra y Libertadores, junto con el proyecto de recomendaci\u00f3n para agilizar tr\u00e1mites aduaneros y migratorios entre Argentina y Chile, la Comisi\u00f3n cont\u00f3 con la participaci\u00f3n del secretario de Infraestructura de San Juan, Ing. Ariel Villavicencio, quien fue el encargado de despejar dudas a los presentes y explicar los detalles del proyecto.<\/p>\n<p><span style=\"color: #666699;\"><strong>A partir del di\u00e1logo entre los legisladores, se aprob\u00f3 las Recomendaciones:<\/strong><\/span><\/p>\n<ul>\n<li>Dirigir a la Presidencia de la Naci\u00f3n la recomendaci\u00f3n para que a trav\u00e9s de Canciller\u00eda y Ministerio de Obras P\u00fablicas de la Naci\u00f3n se proceda a habilitar el Paso Fronterizo Pehuenche, sito en la provincia de Mendoza, para traslado de cargas pesadas.<\/li>\n<li>Dirigir a la Presidencia de la Naci\u00f3n la recomendaci\u00f3n para que, a trav\u00e9s de la Direcci\u00f3n Nacional de L\u00edmites y Fronteras, y Canciller\u00eda, procedan a reanudar las reuniones de los Comit\u00e9 de L\u00edmites y Fronteras de cada paso fronterizo.<\/li>\n<li>Dirigir a la Presidencia de la Naci\u00f3n la recomendaci\u00f3n para que a trav\u00e9s del Ministerio de Obras P\u00fablicas de la Naci\u00f3n se proceda a la reparaci\u00f3n y mantenimiento de las rutas nacionales que se dirigen a los pasos fronterizos que poseen las provincias de Mendoza y San Juan, previendo el transporte tur\u00edstico y comercial fluido, previendo la implementaci\u00f3n del sistema de transporte de bitrenes. As\u00ed mismo, la integraci\u00f3n de las aduanas existentes en el Paso Agua Negra de la provincia de San Juan, y la habilitaci\u00f3n del sistema ferroviario existente en las provincias de la regi\u00f3n de Cuyo. Se recomienda equipar con tecnolog\u00eda de avanzada las sedes aduaneras y migratorias localizadas en la provincia de Mendoza y San Juan, concesionar la instalaci\u00f3n de prestadores de servicios de hoteler\u00eda, comida, recreaci\u00f3n en las inmediaciones de dichas sedes aduaneras y garantizar los servicios de salud tanto en las inmediaciones de las sedes aduaneras como en sus mismas instalaciones.<\/li>\n<\/ul>\n<p>Luego de la lectura de todas las conclusiones y de que cada una sea aprobada por unanimidad; se procedi\u00f3 a la firma por parte de todos los legisladores de las diversas recomendaciones. A continuaci\u00f3n, se procedi\u00f3 a la votaci\u00f3n de la sede y fecha del pr\u00f3ximo encuentro, que qued\u00f3 definido para el mes de noviembre de 2025 en la provincia de San Luis.<\/p>\n<p>Previo a concluir con la Sesi\u00f3n Plenaria, dejaron su mensaje el diputado Enzo Cornejo por San Juan, el senador Walter Marcolini y el senador Adolfo Castro Luna por San Luis; para finalmente dar paso al cierre de la jornada por parte del presidente del Parlamento de Cuyo, senador Germ\u00e1n Vicchi, con el arriamiento de las banderas nacional y provincial por parte de los legisladores Dr. Juan Cruz C\u00f3rdoba y Gabriela Mansilla.<\/p>\n<figure id=\"attachment_37951\" aria-describedby=\"caption-attachment-37951\" style=\"width: 800px\" class=\"wp-caption alignnone\"><img loading=\"lazy\" decoding=\"async\" class=\"size-full wp-image-37951\" src=\"https:\/\/vocesparalelas.com.ar\/sitio\/wp-content\/uploads\/2021\/05\/CAMARA-EDIFICIO.jpg\" alt=\"\" width=\"800\" height=\"515\" srcset=\"https:\/\/vocesparalelas.com.ar\/sitio\/wp-content\/uploads\/2021\/05\/CAMARA-EDIFICIO.jpg 800w, https:\/\/vocesparalelas.com.ar\/sitio\/wp-content\/uploads\/2021\/05\/CAMARA-EDIFICIO-300x193.jpg 300w, https:\/\/vocesparalelas.com.ar\/sitio\/wp-content\/uploads\/2021\/05\/CAMARA-EDIFICIO-768x494.jpg 768w\" sizes=\"auto, (max-width: 800px) 100vw, 800px\" \/><figcaption id=\"caption-attachment-37951\" class=\"wp-caption-text\">Legislatura Provincial de San Juan, Rep\u00fablica Argentina<\/figcaption><\/figure>\n","protected":false},"excerpt":{"rendered":"<p>En el Recinto de Sesiones de la C\u00e1mara de Diputados de San Juan se desarroll\u00f3 una jornada extensa de debate<\/p>\n","protected":false},"author":3,"featured_media":83832,"comment_status":"closed","ping_status":"closed","sticky":false,"template":"","format":"standard","meta":{"_acf_changed":false,"_seopress_robots_primary_cat":"none","_seopress_titles_title":"","_seopress_titles_desc":"","_seopress_robots_index":"","colormag_page_container_layout":"default_layout","colormag_page_sidebar_layout":"default_layout","footnotes":""},"categories":[1],"tags":[],"class_list":["post-83829","post","type-post","status-publish","format-standard","has-post-thumbnail","hentry","category-destacadas"],"acf":[],"_links":{"self":[{"href":"https:\/\/vocesparalelas.com.ar\/sitio\/wp-json\/wp\/v2\/posts\/83829","targetHints":{"allow":["GET"]}}],"collection":[{"href":"https:\/\/vocesparalelas.com.ar\/sitio\/wp-json\/wp\/v2\/posts"}],"about":[{"href":"https:\/\/vocesparalelas.com.ar\/sitio\/wp-json\/wp\/v2\/types\/post"}],"author":[{"embeddable":true,"href":"https:\/\/vocesparalelas.com.ar\/sitio\/wp-json\/wp\/v2\/users\/3"}],"replies":[{"embeddable":true,"href":"https:\/\/vocesparalelas.com.ar\/sitio\/wp-json\/wp\/v2\/comments?post=83829"}],"version-history":[{"count":1,"href":"https:\/\/vocesparalelas.com.ar\/sitio\/wp-json\/wp\/v2\/posts\/83829\/revisions"}],"predecessor-version":[{"id":83833,"href":"https:\/\/vocesparalelas.com.ar\/sitio\/wp-json\/wp\/v2\/posts\/83829\/revisions\/83833"}],"wp:featuredmedia":[{"embeddable":true,"href":"https:\/\/vocesparalelas.com.ar\/sitio\/wp-json\/wp\/v2\/media\/83832"}],"wp:attachment":[{"href":"https:\/\/vocesparalelas.com.ar\/sitio\/wp-json\/wp\/v2\/media?parent=83829"}],"wp:term":[{"taxonomy":"category","embeddable":true,"href":"https:\/\/vocesparalelas.com.ar\/sitio\/wp-json\/wp\/v2\/categories?post=83829"},{"taxonomy":"post_tag","embeddable":true,"href":"https:\/\/vocesparalelas.com.ar\/sitio\/wp-json\/wp\/v2\/tags?post=83829"}],"curies":[{"name":"wp","href":"https:\/\/api.w.org\/{rel}","templated":true}]}}