{"id":83794,"date":"2025-03-14T11:23:05","date_gmt":"2025-03-14T14:23:05","guid":{"rendered":"https:\/\/vocesparalelas.com.ar\/sitio\/?p=83794"},"modified":"2025-03-16T11:14:18","modified_gmt":"2025-03-16T14:14:18","slug":"reunion-de-conciliacion-obligacion-para-los-gremios-docentes-de-san-juan","status":"publish","type":"post","link":"https:\/\/vocesparalelas.com.ar\/sitio\/reunion-de-conciliacion-obligacion-para-los-gremios-docentes-de-san-juan\/","title":{"rendered":"Reuni\u00f3n de Conciliaci\u00f3n Obligaci\u00f3n para los Gremios Docentes de San Juan"},"content":{"rendered":"<p>En la Subsecretar\u00eda de Trabaj\u00f3 de San Juan, el Jueves, 13 de Marzo, se desarroll\u00f3 la Reuni\u00f3n de Conciliaci\u00f3n Obligaci\u00f3n con la participaci\u00f3n del Subsecretario de Trabajo, Dr. Franco Marchese, la Secretaria de Educaci\u00f3n, Lic. Mariela Lueje y los representantes de los tres gremios docentes UDAP, UDA y AMET.<\/p>\n<p>Luego, de una serie de deliberaciones las partes acordaron<\/p>\n<p>1\u00b0 Suspenden las medidas de fuerza convocados por los sindicatos<\/p>\n<p>2\u00b0 No al descuento de los d\u00edas de paro y en este caso, el Gobierno de San Juan dispuso no descontar esos d\u00edas<\/p>\n<p>3\u00b0 Definir que la Conciliaci\u00f3n Obligatoria es discutir una mejora sobre los salarios de Febrero y Marzo de 2025<\/p>\n<p>4\u00b0 Se pas\u00f3 a un cuarto intermedio<\/p>\n<p>De esta manera se fij\u00f3 la audiencia para el 20 de Marzo a las 9 hs. en la subsecretaria de Trabajo de San Juan<\/p>\n<blockquote class=\"wp-embedded-content\" data-secret=\"TUjY8BF84Q\"><p><a href=\"https:\/\/vocesparalelas.com.ar\/sitio\/se-suspende-el-descuento-por-dia-no-trabajado-de-los-docentes-de-san-juan\/\">Se suspende el descuento por d\u00eda no trabajado de los Docentes de San Juan<\/a><\/p><\/blockquote>\n<p><iframe loading=\"lazy\" class=\"wp-embedded-content\" sandbox=\"allow-scripts\" security=\"restricted\" style=\"position: absolute; visibility: hidden;\" title=\"\u00abSe suspende el descuento por d\u00eda no trabajado de los Docentes de San Juan\u00bb \u2014 Voces Paralelas\" src=\"https:\/\/vocesparalelas.com.ar\/sitio\/se-suspende-el-descuento-por-dia-no-trabajado-de-los-docentes-de-san-juan\/embed\/#?secret=A2EJUO6zmZ#?secret=TUjY8BF84Q\" data-secret=\"TUjY8BF84Q\" width=\"600\" height=\"338\" frameborder=\"0\" marginwidth=\"0\" marginheight=\"0\" scrolling=\"no\"><\/iframe><\/p>\n","protected":false},"excerpt":{"rendered":"<p>En la Subsecretar\u00eda de Trabaj\u00f3 de San Juan, el Jueves, 13 de Marzo, se desarroll\u00f3 la Reuni\u00f3n de Conciliaci\u00f3n Obligaci\u00f3n<\/p>\n","protected":false},"author":3,"featured_media":18988,"comment_status":"closed","ping_status":"closed","sticky":false,"template":"","format":"standard","meta":{"_acf_changed":false,"_seopress_robots_primary_cat":"none","_seopress_titles_title":"","_seopress_titles_desc":"","_seopress_robots_index":"","colormag_page_container_layout":"default_layout","colormag_page_sidebar_layout":"default_layout","footnotes":""},"categories":[5],"tags":[],"class_list":["post-83794","post","type-post","status-publish","format-standard","has-post-thumbnail","hentry","category-ofrecimientos"],"acf":[],"_links":{"self":[{"href":"https:\/\/vocesparalelas.com.ar\/sitio\/wp-json\/wp\/v2\/posts\/83794","targetHints":{"allow":["GET"]}}],"collection":[{"href":"https:\/\/vocesparalelas.com.ar\/sitio\/wp-json\/wp\/v2\/posts"}],"about":[{"href":"https:\/\/vocesparalelas.com.ar\/sitio\/wp-json\/wp\/v2\/types\/post"}],"author":[{"embeddable":true,"href":"https:\/\/vocesparalelas.com.ar\/sitio\/wp-json\/wp\/v2\/users\/3"}],"replies":[{"embeddable":true,"href":"https:\/\/vocesparalelas.com.ar\/sitio\/wp-json\/wp\/v2\/comments?post=83794"}],"version-history":[{"count":1,"href":"https:\/\/vocesparalelas.com.ar\/sitio\/wp-json\/wp\/v2\/posts\/83794\/revisions"}],"predecessor-version":[{"id":83797,"href":"https:\/\/vocesparalelas.com.ar\/sitio\/wp-json\/wp\/v2\/posts\/83794\/revisions\/83797"}],"wp:featuredmedia":[{"embeddable":true,"href":"https:\/\/vocesparalelas.com.ar\/sitio\/wp-json\/wp\/v2\/media\/18988"}],"wp:attachment":[{"href":"https:\/\/vocesparalelas.com.ar\/sitio\/wp-json\/wp\/v2\/media?parent=83794"}],"wp:term":[{"taxonomy":"category","embeddable":true,"href":"https:\/\/vocesparalelas.com.ar\/sitio\/wp-json\/wp\/v2\/categories?post=83794"},{"taxonomy":"post_tag","embeddable":true,"href":"https:\/\/vocesparalelas.com.ar\/sitio\/wp-json\/wp\/v2\/tags?post=83794"}],"curies":[{"name":"wp","href":"https:\/\/api.w.org\/{rel}","templated":true}]}}