{"id":83789,"date":"2025-03-13T23:26:29","date_gmt":"2025-03-14T02:26:29","guid":{"rendered":"https:\/\/vocesparalelas.com.ar\/sitio\/?p=83789"},"modified":"2025-03-14T23:31:37","modified_gmt":"2025-03-15T02:31:37","slug":"12-anos-del-pontificado-del-papa-francisco-con-una-misa-en-la-catedral-de-san-juan","status":"publish","type":"post","link":"https:\/\/vocesparalelas.com.ar\/sitio\/12-anos-del-pontificado-del-papa-francisco-con-una-misa-en-la-catedral-de-san-juan\/","title":{"rendered":"12 a\u00f1os del Pontificado del Papa Francisco con una misa en la Catedral de San Juan"},"content":{"rendered":"<p>La comunidad diocesana se reuni\u00f3 en la Catedral San Juan Bautista para celebrar la misa por los 12 a\u00f1os de pontificado del Papa Francisco.<\/p>\n<figure id=\"attachment_27278\" aria-describedby=\"caption-attachment-27278\" style=\"width: 800px\" class=\"wp-caption alignnone\"><img loading=\"lazy\" decoding=\"async\" class=\"size-full wp-image-27278\" src=\"https:\/\/vocesparalelas.com.ar\/sitio\/wp-content\/uploads\/2020\/03\/PAPA-FRANCISCO.jpg\" alt=\"\" width=\"800\" height=\"434\" srcset=\"https:\/\/vocesparalelas.com.ar\/sitio\/wp-content\/uploads\/2020\/03\/PAPA-FRANCISCO.jpg 800w, https:\/\/vocesparalelas.com.ar\/sitio\/wp-content\/uploads\/2020\/03\/PAPA-FRANCISCO-300x163.jpg 300w, https:\/\/vocesparalelas.com.ar\/sitio\/wp-content\/uploads\/2020\/03\/PAPA-FRANCISCO-768x417.jpg 768w\" sizes=\"auto, (max-width: 800px) 100vw, 800px\" \/><figcaption id=\"caption-attachment-27278\" class=\"wp-caption-text\">Papa Francisco<\/figcaption><\/figure>\n<p>La eucarist\u00eda fue presidida por los Obispos Auxiliares, Monse\u00f1or Gustavo Larraz\u00e1bal y Monse\u00f1or Mario Robles, quienes rezaron por la salud y el bienestar del Papa Francisco junto a la comunidad.<\/p>\n<p>La misa cont\u00f3 con la participaci\u00f3n de sacerdotes, seminaristas y fieles, quienes se unieron en oraci\u00f3n por la salud del Papa y por la gu\u00eda espiritual de la Iglesia.<\/p>\n<p>Recordando estos 12 a\u00f1os como Obispo de Roma, al frente de la Iglesia. La comunidad se siente unida al Papa Francisco en su misi\u00f3n de evangelizaci\u00f3n y servicio.<\/p>\n<p><iframe loading=\"lazy\" title=\"SAN JUAN CATEDRAL MISA PAPA FRANCISCO\" width=\"800\" height=\"450\" src=\"https:\/\/www.youtube.com\/embed\/Nb7BYwyV23M?feature=oembed\" frameborder=\"0\" allow=\"accelerometer; autoplay; clipboard-write; encrypted-media; gyroscope; picture-in-picture; web-share\" referrerpolicy=\"strict-origin-when-cross-origin\" allowfullscreen><\/iframe><\/p>\n<p>Esta santa misa se celebr\u00f3 dentro de la novena a San Gabriel Brochero, que lleva adelante la Parroquia San Juan Bautista, que en este d\u00eda rez\u00f3 especialmente por los enfermos y puso en las intenciones la salud del Papa.<\/p>\n<p>Luego de la santa misa, los fieles pudieron acercarse al Poncho Brocheriano bendecido; para pedir la intercesi\u00f3n del santo.<\/p>\n<p>Siguen atentos a los partes m\u00e9dicos oficiales del Santo Padre, pidiendo a Dios y la Virgen especialmente por su pronta recuperaci\u00f3n.<\/p>\n<p>&nbsp;<\/p>\n<p><img loading=\"lazy\" decoding=\"async\" class=\"alignnone size-full wp-image-81141\" src=\"https:\/\/vocesparalelas.com.ar\/sitio\/wp-content\/uploads\/2025\/01\/CATEDRAL-PUESTA-2024.jpg\" alt=\"\" width=\"800\" height=\"577\" srcset=\"https:\/\/vocesparalelas.com.ar\/sitio\/wp-content\/uploads\/2025\/01\/CATEDRAL-PUESTA-2024.jpg 800w, https:\/\/vocesparalelas.com.ar\/sitio\/wp-content\/uploads\/2025\/01\/CATEDRAL-PUESTA-2024-300x216.jpg 300w, https:\/\/vocesparalelas.com.ar\/sitio\/wp-content\/uploads\/2025\/01\/CATEDRAL-PUESTA-2024-768x554.jpg 768w\" sizes=\"auto, (max-width: 800px) 100vw, 800px\" \/><\/p>\n","protected":false},"excerpt":{"rendered":"<p>La comunidad diocesana se reuni\u00f3 en la Catedral San Juan Bautista para celebrar la misa por los 12 a\u00f1os de<\/p>\n","protected":false},"author":3,"featured_media":83792,"comment_status":"closed","ping_status":"closed","sticky":false,"template":"","format":"standard","meta":{"_acf_changed":false,"_seopress_robots_primary_cat":"none","_seopress_titles_title":"","_seopress_titles_desc":"","_seopress_robots_index":"","colormag_page_container_layout":"default_layout","colormag_page_sidebar_layout":"default_layout","footnotes":""},"categories":[10,7],"tags":[],"class_list":["post-83789","post","type-post","status-publish","format-standard","has-post-thumbnail","hentry","category-opiniones","category-videos"],"acf":[],"_links":{"self":[{"href":"https:\/\/vocesparalelas.com.ar\/sitio\/wp-json\/wp\/v2\/posts\/83789","targetHints":{"allow":["GET"]}}],"collection":[{"href":"https:\/\/vocesparalelas.com.ar\/sitio\/wp-json\/wp\/v2\/posts"}],"about":[{"href":"https:\/\/vocesparalelas.com.ar\/sitio\/wp-json\/wp\/v2\/types\/post"}],"author":[{"embeddable":true,"href":"https:\/\/vocesparalelas.com.ar\/sitio\/wp-json\/wp\/v2\/users\/3"}],"replies":[{"embeddable":true,"href":"https:\/\/vocesparalelas.com.ar\/sitio\/wp-json\/wp\/v2\/comments?post=83789"}],"version-history":[{"count":1,"href":"https:\/\/vocesparalelas.com.ar\/sitio\/wp-json\/wp\/v2\/posts\/83789\/revisions"}],"predecessor-version":[{"id":83793,"href":"https:\/\/vocesparalelas.com.ar\/sitio\/wp-json\/wp\/v2\/posts\/83789\/revisions\/83793"}],"wp:featuredmedia":[{"embeddable":true,"href":"https:\/\/vocesparalelas.com.ar\/sitio\/wp-json\/wp\/v2\/media\/83792"}],"wp:attachment":[{"href":"https:\/\/vocesparalelas.com.ar\/sitio\/wp-json\/wp\/v2\/media?parent=83789"}],"wp:term":[{"taxonomy":"category","embeddable":true,"href":"https:\/\/vocesparalelas.com.ar\/sitio\/wp-json\/wp\/v2\/categories?post=83789"},{"taxonomy":"post_tag","embeddable":true,"href":"https:\/\/vocesparalelas.com.ar\/sitio\/wp-json\/wp\/v2\/tags?post=83789"}],"curies":[{"name":"wp","href":"https:\/\/api.w.org\/{rel}","templated":true}]}}