{"id":83777,"date":"2025-03-13T20:18:31","date_gmt":"2025-03-13T23:18:31","guid":{"rendered":"https:\/\/vocesparalelas.com.ar\/sitio\/?p=83777"},"modified":"2025-03-13T20:35:36","modified_gmt":"2025-03-13T23:35:36","slug":"la-lic-natalia-marchese-es-la-presidente-del-instituto-provincial-de-exploraciones-y-explotaciones-mineras-de-san-juan","status":"publish","type":"post","link":"https:\/\/vocesparalelas.com.ar\/sitio\/la-lic-natalia-marchese-es-la-presidente-del-instituto-provincial-de-exploraciones-y-explotaciones-mineras-de-san-juan\/","title":{"rendered":"La Lic. Natalia Marchese es la presidente del Instituto Provincial de Exploraciones y Explotaciones Mineras de San Juan"},"content":{"rendered":"<p>El Ministerio de Miner\u00eda del Gobierno de\u00a0 San Juan informa por parte del gobernador, Dr. Marcelo Orrego, la designaci\u00f3n de la Lic. Natalia Marchese como nueva presidente del Instituto Provincial de Exploraciones y Explotaciones Mineras &#8211; IPEEM.<\/p>\n<p>Es importante destacar que la Lic. Natalia Marchese es Licenciada en Geolog\u00eda con m\u00e1s de 25 a\u00f1os de trayectoria en el sector minero. Ha desempe\u00f1ado un rol fundamental en la evaluaci\u00f3n de proyectos y en la gesti\u00f3n p\u00fablica. Su experiencia y compromiso con el desarrollo minero sustentable son las claves para consolidar los avances alcanzados y continuar impulsando la actividad con una visi\u00f3n estrat\u00e9gica.<\/p>\n<p>Asimismo, el Ministro de Miner\u00eda, Dr. Juan Pablo Perea, agradeci\u00f3 al Ing. Eduardo Machuca por su labor y dedicaci\u00f3n durante su gesti\u00f3n al frente del IPEEM, per\u00edodo en el que se promovieron pol\u00edticas que fortalecieron la exploraci\u00f3n y el crecimiento del sector en la provincia de San Juan.<\/p>\n<p>Con este nombramiento, el Gobierno de San Juan reafirma su compromiso con el desarrollo minero, garantizando continuidad institucional y el fortalecimiento de una gesti\u00f3n eficiente y sostenible para la provincia.<\/p>\n<p>Esta renovaci\u00f3n en la direcci\u00f3n del IPEEM marca el inicio de una nueva etapa, en la que se espera consolidar los avances logrados y enfrentar los desaf\u00edos futuros con una nueva visi\u00f3n. La designaci\u00f3n de la Lic. Natalia Marchese refuerza el compromiso del gobierno provincial con el desarrollo estrat\u00e9gico de la miner\u00eda, alineado con los principios de eficiencia, sostenibilidad y continuidad institucional.<\/p>\n<p><img loading=\"lazy\" decoding=\"async\" class=\"alignnone size-full wp-image-27844\" src=\"https:\/\/vocesparalelas.com.ar\/sitio\/wp-content\/uploads\/2020\/04\/BARRICK-NOCHE.jpg\" alt=\"\" width=\"800\" height=\"400\" srcset=\"https:\/\/vocesparalelas.com.ar\/sitio\/wp-content\/uploads\/2020\/04\/BARRICK-NOCHE.jpg 800w, https:\/\/vocesparalelas.com.ar\/sitio\/wp-content\/uploads\/2020\/04\/BARRICK-NOCHE-300x150.jpg 300w, https:\/\/vocesparalelas.com.ar\/sitio\/wp-content\/uploads\/2020\/04\/BARRICK-NOCHE-768x384.jpg 768w\" sizes=\"auto, (max-width: 800px) 100vw, 800px\" \/><\/p>\n<p>&nbsp;<\/p>\n","protected":false},"excerpt":{"rendered":"<p>El Ministerio de Miner\u00eda del Gobierno de\u00a0 San Juan informa por parte del gobernador, Dr. Marcelo Orrego, la designaci\u00f3n de<\/p>\n","protected":false},"author":3,"featured_media":83780,"comment_status":"closed","ping_status":"closed","sticky":false,"template":"","format":"standard","meta":{"_acf_changed":false,"_seopress_robots_primary_cat":"none","_seopress_titles_title":"","_seopress_titles_desc":"","_seopress_robots_index":"","colormag_page_container_layout":"default_layout","colormag_page_sidebar_layout":"default_layout","footnotes":""},"categories":[1],"tags":[],"class_list":["post-83777","post","type-post","status-publish","format-standard","has-post-thumbnail","hentry","category-destacadas"],"acf":[],"_links":{"self":[{"href":"https:\/\/vocesparalelas.com.ar\/sitio\/wp-json\/wp\/v2\/posts\/83777","targetHints":{"allow":["GET"]}}],"collection":[{"href":"https:\/\/vocesparalelas.com.ar\/sitio\/wp-json\/wp\/v2\/posts"}],"about":[{"href":"https:\/\/vocesparalelas.com.ar\/sitio\/wp-json\/wp\/v2\/types\/post"}],"author":[{"embeddable":true,"href":"https:\/\/vocesparalelas.com.ar\/sitio\/wp-json\/wp\/v2\/users\/3"}],"replies":[{"embeddable":true,"href":"https:\/\/vocesparalelas.com.ar\/sitio\/wp-json\/wp\/v2\/comments?post=83777"}],"version-history":[{"count":2,"href":"https:\/\/vocesparalelas.com.ar\/sitio\/wp-json\/wp\/v2\/posts\/83777\/revisions"}],"predecessor-version":[{"id":83782,"href":"https:\/\/vocesparalelas.com.ar\/sitio\/wp-json\/wp\/v2\/posts\/83777\/revisions\/83782"}],"wp:featuredmedia":[{"embeddable":true,"href":"https:\/\/vocesparalelas.com.ar\/sitio\/wp-json\/wp\/v2\/media\/83780"}],"wp:attachment":[{"href":"https:\/\/vocesparalelas.com.ar\/sitio\/wp-json\/wp\/v2\/media?parent=83777"}],"wp:term":[{"taxonomy":"category","embeddable":true,"href":"https:\/\/vocesparalelas.com.ar\/sitio\/wp-json\/wp\/v2\/categories?post=83777"},{"taxonomy":"post_tag","embeddable":true,"href":"https:\/\/vocesparalelas.com.ar\/sitio\/wp-json\/wp\/v2\/tags?post=83777"}],"curies":[{"name":"wp","href":"https:\/\/api.w.org\/{rel}","templated":true}]}}