{"id":83763,"date":"2025-03-13T13:42:40","date_gmt":"2025-03-13T16:42:40","guid":{"rendered":"https:\/\/vocesparalelas.com.ar\/sitio\/?p=83763"},"modified":"2025-03-14T21:03:00","modified_gmt":"2025-03-15T00:03:00","slug":"se-suspende-el-descuento-por-dia-no-trabajado-de-los-docentes-de-san-juan","status":"publish","type":"post","link":"https:\/\/vocesparalelas.com.ar\/sitio\/se-suspende-el-descuento-por-dia-no-trabajado-de-los-docentes-de-san-juan\/","title":{"rendered":"Se suspende el descuento por d\u00eda no trabajado de los Docentes de San Juan"},"content":{"rendered":"<p>El Gobierno de San Juan informa a los docentes que ha decidido suspender el descuento por d\u00eda no trabajado al sector, en el marco de la conciliaci\u00f3n obligatoria.<\/p>\n<p>En cumplimiento de la normativa vigente y en el marco de la conciliaci\u00f3n obligatoria dictada por la Subsecretar\u00eda de Trabajo el Jueves, 13 de Marzo, el Gobierno no aplicar\u00e1 el descuento correspondiente a los docentes que no hayan prestado servicio durante los d\u00edas de medida de fuerza.<\/p>\n<p>La conciliaci\u00f3n obligatoria es una herramienta legal que busca garantizar el di\u00e1logo y la continuidad del servicio educativo, por lo que su incumplimiento conlleva las consecuencias previstas en la legislaci\u00f3n laboral.<\/p>\n<p>En este sentido, el Gobierno provincial ratifica su compromiso con el derecho a la educaci\u00f3n de los estudiantes y la b\u00fasqueda de soluciones a trav\u00e9s del di\u00e1logo con los sectores involucrados.<\/p>\n<p>&nbsp;<\/p>\n<p>&nbsp;<\/p>\n","protected":false},"excerpt":{"rendered":"<p>El Gobierno de San Juan informa a los docentes que ha decidido suspender el descuento por d\u00eda no trabajado al<\/p>\n","protected":false},"author":3,"featured_media":65642,"comment_status":"closed","ping_status":"closed","sticky":false,"template":"","format":"standard","meta":{"_acf_changed":false,"_seopress_robots_primary_cat":"none","_seopress_titles_title":"","_seopress_titles_desc":"","_seopress_robots_index":"","colormag_page_container_layout":"default_layout","colormag_page_sidebar_layout":"default_layout","footnotes":""},"categories":[5],"tags":[],"class_list":["post-83763","post","type-post","status-publish","format-standard","has-post-thumbnail","hentry","category-ofrecimientos"],"acf":[],"_links":{"self":[{"href":"https:\/\/vocesparalelas.com.ar\/sitio\/wp-json\/wp\/v2\/posts\/83763","targetHints":{"allow":["GET"]}}],"collection":[{"href":"https:\/\/vocesparalelas.com.ar\/sitio\/wp-json\/wp\/v2\/posts"}],"about":[{"href":"https:\/\/vocesparalelas.com.ar\/sitio\/wp-json\/wp\/v2\/types\/post"}],"author":[{"embeddable":true,"href":"https:\/\/vocesparalelas.com.ar\/sitio\/wp-json\/wp\/v2\/users\/3"}],"replies":[{"embeddable":true,"href":"https:\/\/vocesparalelas.com.ar\/sitio\/wp-json\/wp\/v2\/comments?post=83763"}],"version-history":[{"count":1,"href":"https:\/\/vocesparalelas.com.ar\/sitio\/wp-json\/wp\/v2\/posts\/83763\/revisions"}],"predecessor-version":[{"id":83766,"href":"https:\/\/vocesparalelas.com.ar\/sitio\/wp-json\/wp\/v2\/posts\/83763\/revisions\/83766"}],"wp:featuredmedia":[{"embeddable":true,"href":"https:\/\/vocesparalelas.com.ar\/sitio\/wp-json\/wp\/v2\/media\/65642"}],"wp:attachment":[{"href":"https:\/\/vocesparalelas.com.ar\/sitio\/wp-json\/wp\/v2\/media?parent=83763"}],"wp:term":[{"taxonomy":"category","embeddable":true,"href":"https:\/\/vocesparalelas.com.ar\/sitio\/wp-json\/wp\/v2\/categories?post=83763"},{"taxonomy":"post_tag","embeddable":true,"href":"https:\/\/vocesparalelas.com.ar\/sitio\/wp-json\/wp\/v2\/tags?post=83763"}],"curies":[{"name":"wp","href":"https:\/\/api.w.org\/{rel}","templated":true}]}}