{"id":83755,"date":"2025-03-13T12:36:34","date_gmt":"2025-03-13T15:36:34","guid":{"rendered":"https:\/\/vocesparalelas.com.ar\/sitio\/?p=83755"},"modified":"2025-03-14T23:31:06","modified_gmt":"2025-03-15T02:31:06","slug":"garantizan-las-guardias-en-marzo-y-parte-de-abril-de-2025-los-guardavidas-y-seguridad-nautica-en-los-espejos-de-agua-de-san-juan","status":"publish","type":"post","link":"https:\/\/vocesparalelas.com.ar\/sitio\/garantizan-las-guardias-en-marzo-y-parte-de-abril-de-2025-los-guardavidas-y-seguridad-nautica-en-los-espejos-de-agua-de-san-juan\/","title":{"rendered":"Garantizan las guardias en Marzo y parte de Abril de 2025 los Guardavidas y Seguridad N\u00e1utica en los espejos de agua de San Juan"},"content":{"rendered":"<p>Para tranquilidad de ba\u00f1istas, deportistas n\u00e1uticos y para potenciar el turismo, se siguen prestando servicio en los horarios habituales diques y r\u00edo.<\/p>\n<p>La Secretar\u00eda de Deporte del Ministerio de Turismo, Cultura y Deporte del Gobierno de San juan, a trav\u00e9s del Departamento N\u00e1utico y de Deporte Motor, garantiza las guardias en Marzo y parte de Abril de 2025 de los equipo de Seguridad N\u00e1utica y Guardavidas.<\/p>\n<p>Ellos confirman la prestaci\u00f3n del servicio en diques y playas en r\u00edo, en los horarios que se ven\u00edan dando durante la presente temporada de verano.<\/p>\n<p>De esta manera, se reitera los horarios habilitados para los ba\u00f1istas y para la realizaci\u00f3n de deportes n\u00e1uticos en los diferentes espejos de agua de San Juan y en el r\u00edo y que se deben respetar para la seguridad:<\/p>\n<ul>\n<li>Dique de Ullum: Navegaci\u00f3n de 8:00 a 19.30 hs., ba\u00f1istas de 8:00 a 20:00 hs.<\/li>\n<li>Dique Punta Negra: Navegaci\u00f3n de 8:00 a 19.30 hs., ba\u00f1istas de 8:00 a 20:00 hs.<\/li>\n<li>Dique San Agust\u00edn de Valle F\u00e9rtil: Navegaci\u00f3n y ba\u00f1istas de 8:00 a 20:00 hs.<\/li>\n<li>Dique Cuesta del Viento en Rodeo: Navegaci\u00f3n y ba\u00f1istas de 7:00 a 19.30 hs.<\/li>\n<li>R\u00edo en Las Moras: solo en sector habilitado para ba\u00f1istas de Jueves a Domingo, de 11:00 a 20:00 hs.<\/li>\n<\/ul>\n<p>La continuidad del servicio asegura la protecci\u00f3n y seguridad de ba\u00f1istas y deportistas n\u00e1uticos en los espejos de agua provinciales, como tambi\u00e9n, potenciar el turismo en lugares de gran concurrencia de visitantes, m\u00e1s si tenemos en cuenta la existencia de fines de semana largos y la proximidad de Semana Santa.<\/p>\n<p>Durante el mes de Abril se informan los horarios que rigen para el resto de la temporada oto\u00f1al y la invernal que se avecina en San Juan.<\/p>\n<p><span style=\"color: #ff6600;\"><strong>Ante cualquier situaci\u00f3n de emergencia<\/strong><\/span><\/p>\n<ul>\n<li>Radio canal 16 para avisar a la guardia<\/li>\n<li>Al 264 670 3953 &#8211; Dique de Ullum<\/li>\n<li>Al 264 661 7907 &#8211; Dique Cuesta del Viento.<\/li>\n<\/ul>\n<p><img loading=\"lazy\" decoding=\"async\" class=\"alignnone size-full wp-image-79606\" src=\"https:\/\/vocesparalelas.com.ar\/sitio\/wp-content\/uploads\/2024\/11\/SEGURIDAD-NAUTICA-01.jpg\" alt=\"\" width=\"800\" height=\"450\" srcset=\"https:\/\/vocesparalelas.com.ar\/sitio\/wp-content\/uploads\/2024\/11\/SEGURIDAD-NAUTICA-01.jpg 800w, https:\/\/vocesparalelas.com.ar\/sitio\/wp-content\/uploads\/2024\/11\/SEGURIDAD-NAUTICA-01-300x169.jpg 300w, https:\/\/vocesparalelas.com.ar\/sitio\/wp-content\/uploads\/2024\/11\/SEGURIDAD-NAUTICA-01-768x432.jpg 768w\" sizes=\"auto, (max-width: 800px) 100vw, 800px\" \/><\/p>\n","protected":false},"excerpt":{"rendered":"<p>Para tranquilidad de ba\u00f1istas, deportistas n\u00e1uticos y para potenciar el turismo, se siguen prestando servicio en los horarios habituales diques<\/p>\n","protected":false},"author":3,"featured_media":79607,"comment_status":"closed","ping_status":"closed","sticky":false,"template":"","format":"standard","meta":{"_acf_changed":false,"_seopress_robots_primary_cat":"none","_seopress_titles_title":"","_seopress_titles_desc":"","_seopress_robots_index":"","colormag_page_container_layout":"default_layout","colormag_page_sidebar_layout":"default_layout","footnotes":""},"categories":[6],"tags":[],"class_list":["post-83755","post","type-post","status-publish","format-standard","has-post-thumbnail","hentry","category-eventos"],"acf":[],"_links":{"self":[{"href":"https:\/\/vocesparalelas.com.ar\/sitio\/wp-json\/wp\/v2\/posts\/83755","targetHints":{"allow":["GET"]}}],"collection":[{"href":"https:\/\/vocesparalelas.com.ar\/sitio\/wp-json\/wp\/v2\/posts"}],"about":[{"href":"https:\/\/vocesparalelas.com.ar\/sitio\/wp-json\/wp\/v2\/types\/post"}],"author":[{"embeddable":true,"href":"https:\/\/vocesparalelas.com.ar\/sitio\/wp-json\/wp\/v2\/users\/3"}],"replies":[{"embeddable":true,"href":"https:\/\/vocesparalelas.com.ar\/sitio\/wp-json\/wp\/v2\/comments?post=83755"}],"version-history":[{"count":1,"href":"https:\/\/vocesparalelas.com.ar\/sitio\/wp-json\/wp\/v2\/posts\/83755\/revisions"}],"predecessor-version":[{"id":83758,"href":"https:\/\/vocesparalelas.com.ar\/sitio\/wp-json\/wp\/v2\/posts\/83755\/revisions\/83758"}],"wp:featuredmedia":[{"embeddable":true,"href":"https:\/\/vocesparalelas.com.ar\/sitio\/wp-json\/wp\/v2\/media\/79607"}],"wp:attachment":[{"href":"https:\/\/vocesparalelas.com.ar\/sitio\/wp-json\/wp\/v2\/media?parent=83755"}],"wp:term":[{"taxonomy":"category","embeddable":true,"href":"https:\/\/vocesparalelas.com.ar\/sitio\/wp-json\/wp\/v2\/categories?post=83755"},{"taxonomy":"post_tag","embeddable":true,"href":"https:\/\/vocesparalelas.com.ar\/sitio\/wp-json\/wp\/v2\/tags?post=83755"}],"curies":[{"name":"wp","href":"https:\/\/api.w.org\/{rel}","templated":true}]}}