{"id":83746,"date":"2025-03-13T11:32:03","date_gmt":"2025-03-13T14:32:03","guid":{"rendered":"https:\/\/vocesparalelas.com.ar\/sitio\/?p=83746"},"modified":"2025-03-14T21:03:36","modified_gmt":"2025-03-15T00:03:36","slug":"retira-las-carpetas-de-antecedentes-y-meritos-de-los-docentes-que-estan-fuera-del-sistema-educativo-de-san-juan","status":"publish","type":"post","link":"https:\/\/vocesparalelas.com.ar\/sitio\/retira-las-carpetas-de-antecedentes-y-meritos-de-los-docentes-que-estan-fuera-del-sistema-educativo-de-san-juan\/","title":{"rendered":"Retira las carpetas de antecedentes y m\u00e9ritos de los docentes que est\u00e1n fuera del Sistema Educativo de San Juan"},"content":{"rendered":"<p>La Junta de Clasificaci\u00f3n Docente Rama Primaria del Ministerio de Educaci\u00f3n del Gobierno de San Juan invita a los involucrados a retirar las carpetas de antecedentes y m\u00e9ritos.<\/p>\n<p>Son aquellos que se encuentran fuera del sistema educativo durante el 2024, entre el 17 y 31 de Marzo de 2025, de 8 a 11 hs.; en la sede de la Junta de Clasificaci\u00f3n Docente Rama Primaria, Tucum\u00e1n 75 &#8211; N &#8211; Capital.<\/p>\n<p>Adem\u00e1s, el cuerpo de clasificaci\u00f3n extiende el llamado a los familiares de docentes fallecidos, docentes que hayan renunciado a su cargo, como as\u00ed tambi\u00e9n a aquellos que se acogieron al beneficio de la jubilaci\u00f3n y que no est\u00e9n en actividad.<\/p>\n<p>Las carpetas de antecedentes y m\u00e9ritos que no sean retiradas en el plazo mencionado son desafectadas.<\/p>\n<p><img loading=\"lazy\" decoding=\"async\" class=\"alignnone size-full wp-image-28629\" src=\"https:\/\/vocesparalelas.com.ar\/sitio\/wp-content\/uploads\/2020\/05\/MINISTERIO-EDUCACION-SJ.jpg\" alt=\"\" width=\"800\" height=\"533\" srcset=\"https:\/\/vocesparalelas.com.ar\/sitio\/wp-content\/uploads\/2020\/05\/MINISTERIO-EDUCACION-SJ.jpg 800w, https:\/\/vocesparalelas.com.ar\/sitio\/wp-content\/uploads\/2020\/05\/MINISTERIO-EDUCACION-SJ-300x200.jpg 300w, https:\/\/vocesparalelas.com.ar\/sitio\/wp-content\/uploads\/2020\/05\/MINISTERIO-EDUCACION-SJ-768x512.jpg 768w\" sizes=\"auto, (max-width: 800px) 100vw, 800px\" \/><\/p>\n<p>&nbsp;<\/p>\n","protected":false},"excerpt":{"rendered":"<p>La Junta de Clasificaci\u00f3n Docente Rama Primaria del Ministerio de Educaci\u00f3n del Gobierno de San Juan invita a los involucrados<\/p>\n","protected":false},"author":3,"featured_media":5000,"comment_status":"closed","ping_status":"closed","sticky":false,"template":"","format":"standard","meta":{"_acf_changed":false,"_seopress_robots_primary_cat":"none","_seopress_titles_title":"","_seopress_titles_desc":"","_seopress_robots_index":"","colormag_page_container_layout":"default_layout","colormag_page_sidebar_layout":"default_layout","footnotes":""},"categories":[2],"tags":[],"class_list":["post-83746","post","type-post","status-publish","format-standard","has-post-thumbnail","hentry","category-convocatorias"],"acf":[],"_links":{"self":[{"href":"https:\/\/vocesparalelas.com.ar\/sitio\/wp-json\/wp\/v2\/posts\/83746","targetHints":{"allow":["GET"]}}],"collection":[{"href":"https:\/\/vocesparalelas.com.ar\/sitio\/wp-json\/wp\/v2\/posts"}],"about":[{"href":"https:\/\/vocesparalelas.com.ar\/sitio\/wp-json\/wp\/v2\/types\/post"}],"author":[{"embeddable":true,"href":"https:\/\/vocesparalelas.com.ar\/sitio\/wp-json\/wp\/v2\/users\/3"}],"replies":[{"embeddable":true,"href":"https:\/\/vocesparalelas.com.ar\/sitio\/wp-json\/wp\/v2\/comments?post=83746"}],"version-history":[{"count":1,"href":"https:\/\/vocesparalelas.com.ar\/sitio\/wp-json\/wp\/v2\/posts\/83746\/revisions"}],"predecessor-version":[{"id":83749,"href":"https:\/\/vocesparalelas.com.ar\/sitio\/wp-json\/wp\/v2\/posts\/83746\/revisions\/83749"}],"wp:featuredmedia":[{"embeddable":true,"href":"https:\/\/vocesparalelas.com.ar\/sitio\/wp-json\/wp\/v2\/media\/5000"}],"wp:attachment":[{"href":"https:\/\/vocesparalelas.com.ar\/sitio\/wp-json\/wp\/v2\/media?parent=83746"}],"wp:term":[{"taxonomy":"category","embeddable":true,"href":"https:\/\/vocesparalelas.com.ar\/sitio\/wp-json\/wp\/v2\/categories?post=83746"},{"taxonomy":"post_tag","embeddable":true,"href":"https:\/\/vocesparalelas.com.ar\/sitio\/wp-json\/wp\/v2\/tags?post=83746"}],"curies":[{"name":"wp","href":"https:\/\/api.w.org\/{rel}","templated":true}]}}