{"id":83735,"date":"2025-03-12T22:52:50","date_gmt":"2025-03-13T01:52:50","guid":{"rendered":"https:\/\/vocesparalelas.com.ar\/sitio\/?p=83735"},"modified":"2025-03-14T20:12:32","modified_gmt":"2025-03-14T23:12:32","slug":"el-espacio-unidos-x-ingenieria-presento-a-los-candidatos-a-decana-dra-andrea-diaz-y-a-vicedecano-dr-eric-laciar-2025-2029","status":"publish","type":"post","link":"https:\/\/vocesparalelas.com.ar\/sitio\/el-espacio-unidos-x-ingenieria-presento-a-los-candidatos-a-decana-dra-andrea-diaz-y-a-vicedecano-dr-eric-laciar-2025-2029\/","title":{"rendered":"El Espacio Unidos x Ingenier\u00eda present\u00f3 a los candidatos a Decana Dra. Andrea D\u00edaz y a Vicedecano Dr. Eric Laciar 2025 \u2013 2029"},"content":{"rendered":"<p>La Universidad Nacional de San Juan se prepara para las elecciones 2025 en Junio con la renovaci\u00f3n de autoridades en los distintos estamentos<\/p>\n<ul>\n<li>Rectorado: Rector y Vicerrector<\/li>\n<li>Facultad de Ingenier\u00eda: Decano y Vicedecano<\/li>\n<li>Facultad de Ciencias Exactas, F\u00edsicas y Naturales: Decano y Vicedecano<\/li>\n<li>Facultad de Filosof\u00eda, Humanidades y Artes: Decano y Vicedecano<\/li>\n<li>Facultad de Ciencias Sociales. Decano y Vicedecano<\/li>\n<li>Facultad de Arquitectura, Urbanismo y Dise\u00f1o: Decano y Vicedecano<\/li>\n<li>Escuela de Universitaria de Ciencias de la Salud: Director y Vicedirector<\/li>\n<\/ul>\n<p>En este tiempo se han formado distintos espacios que trabajan para armar un proyecto de Gesti\u00f3n 2025 \u2013 2029 para generar la Universidad Nacional de San Juan que buscan guiar.<\/p>\n<p>En esta oportunidad, en el Aula 2 de la Facultad de Ingenier\u00eda de la UNSJ fue el punto de reuni\u00f3n del Espacio Unidos x Ingenier\u00eda que present\u00f3 a los candidatos a Decana Dra. Andrea D\u00edas y a Vicedecano Dr. Eric Laciar 2025 \u2013 2029.<\/p>\n<p>En este contexto, el actual Decano de la FI de la UNSJ, Ing. Mario Fern\u00e1ndez, expres\u00f3 como surgi\u00f3 el espacio y que le permiti\u00f3 gestionar como tal junto a la Vicedecana Dra. Andrea D\u00edaz, quien se uni\u00f3 al gran desaf\u00edo y gestionar juntos. Hoy los integrantes del Espacio Unidos x Ingenier\u00eda creci\u00f3 y la propuso como candidata a Decana.<\/p>\n<p><iframe loading=\"lazy\" title=\"UNSJ FI UNIDOS X INGENIER\u00cdA DECANO ING MARIO FERN\u00c1NDEZ\" width=\"800\" height=\"450\" src=\"https:\/\/www.youtube.com\/embed\/RAlX7pOyeqk?feature=oembed\" frameborder=\"0\" allow=\"accelerometer; autoplay; clipboard-write; encrypted-media; gyroscope; picture-in-picture; web-share\" referrerpolicy=\"strict-origin-when-cross-origin\" allowfullscreen><\/iframe><\/p>\n<p>Seguidamente, fue el turno de la candidata a Decana Dra. Andrea D\u00edaz, quien describi\u00f3 el trabajo que realiz\u00f3 en la gesti\u00f3n y que permiti\u00f3 avanzar en los temas para fortalecer la Unidad Acad\u00e9mica con historia en la Universidad Nacional de San Juan.<\/p>\n<p><iframe loading=\"lazy\" title=\"FI UNSJ UNIDOS X INGENIER\u00cdA DECANA DRA ANDREA D\u00cdAZ\" width=\"800\" height=\"450\" src=\"https:\/\/www.youtube.com\/embed\/aH1NkTwvJVM?feature=oembed\" frameborder=\"0\" allow=\"accelerometer; autoplay; clipboard-write; encrypted-media; gyroscope; picture-in-picture; web-share\" referrerpolicy=\"strict-origin-when-cross-origin\" allowfullscreen><\/iframe><\/p>\n<p>Finalmente, el Candidato a Vicedecano Dr. Eric Laciar puntualiz\u00f3 el compromiso que asumen el binomio porque fueron formados en la instituci\u00f3n como estudiantes, trabajan como docentes, investigadores y siguen apostando a la FI de la UNSJ.<\/p>\n<p><iframe loading=\"lazy\" title=\"FI UNSJ UNIDOS X INGENIER\u00cdA VICEDECANO DR ERIC LACIAR\" width=\"800\" height=\"450\" src=\"https:\/\/www.youtube.com\/embed\/bvI_iNj7GZM?feature=oembed\" frameborder=\"0\" allow=\"accelerometer; autoplay; clipboard-write; encrypted-media; gyroscope; picture-in-picture; web-share\" referrerpolicy=\"strict-origin-when-cross-origin\" allowfullscreen><\/iframe><\/p>\n<p>&nbsp;<\/p>\n<p><img loading=\"lazy\" decoding=\"async\" class=\"alignnone size-full wp-image-83739\" src=\"https:\/\/vocesparalelas.com.ar\/sitio\/wp-content\/uploads\/2025\/03\/FI-UNSJ-UNIDOS-X-INGENIERIA-02.jpg\" alt=\"\" width=\"800\" height=\"533\" srcset=\"https:\/\/vocesparalelas.com.ar\/sitio\/wp-content\/uploads\/2025\/03\/FI-UNSJ-UNIDOS-X-INGENIERIA-02.jpg 800w, https:\/\/vocesparalelas.com.ar\/sitio\/wp-content\/uploads\/2025\/03\/FI-UNSJ-UNIDOS-X-INGENIERIA-02-300x200.jpg 300w, https:\/\/vocesparalelas.com.ar\/sitio\/wp-content\/uploads\/2025\/03\/FI-UNSJ-UNIDOS-X-INGENIERIA-02-768x512.jpg 768w\" sizes=\"auto, (max-width: 800px) 100vw, 800px\" \/><\/p>\n<p>&nbsp;<\/p>\n<figure id=\"attachment_23028\" aria-describedby=\"caption-attachment-23028\" style=\"width: 800px\" class=\"wp-caption alignnone\"><img loading=\"lazy\" decoding=\"async\" class=\"size-large wp-image-23028\" src=\"https:\/\/vocesparalelas.com.ar\/sitio\/wp-content\/uploads\/2019\/08\/FI-UNSJ-EDIFICIO-800x600.jpg\" alt=\"\" width=\"800\" height=\"600\" srcset=\"https:\/\/vocesparalelas.com.ar\/sitio\/wp-content\/uploads\/2019\/08\/FI-UNSJ-EDIFICIO-800x600.jpg 800w, https:\/\/vocesparalelas.com.ar\/sitio\/wp-content\/uploads\/2019\/08\/FI-UNSJ-EDIFICIO-300x225.jpg 300w, https:\/\/vocesparalelas.com.ar\/sitio\/wp-content\/uploads\/2019\/08\/FI-UNSJ-EDIFICIO-768x576.jpg 768w, https:\/\/vocesparalelas.com.ar\/sitio\/wp-content\/uploads\/2019\/08\/FI-UNSJ-EDIFICIO.jpg 888w\" sizes=\"auto, (max-width: 800px) 100vw, 800px\" \/><figcaption id=\"caption-attachment-23028\" class=\"wp-caption-text\">Facultad de Ingenier\u00eda de la Universidad Nacional de San Juan, Argentina<\/figcaption><\/figure>\n","protected":false},"excerpt":{"rendered":"<p>La Universidad Nacional de San Juan se prepara para las elecciones 2025 en Junio con la renovaci\u00f3n de autoridades en<\/p>\n","protected":false},"author":3,"featured_media":83738,"comment_status":"closed","ping_status":"closed","sticky":false,"template":"","format":"standard","meta":{"_acf_changed":false,"_seopress_robots_primary_cat":"none","_seopress_titles_title":"","_seopress_titles_desc":"","_seopress_robots_index":"","colormag_page_container_layout":"default_layout","colormag_page_sidebar_layout":"default_layout","footnotes":""},"categories":[10,7],"tags":[],"class_list":["post-83735","post","type-post","status-publish","format-standard","has-post-thumbnail","hentry","category-opiniones","category-videos"],"acf":[],"_links":{"self":[{"href":"https:\/\/vocesparalelas.com.ar\/sitio\/wp-json\/wp\/v2\/posts\/83735","targetHints":{"allow":["GET"]}}],"collection":[{"href":"https:\/\/vocesparalelas.com.ar\/sitio\/wp-json\/wp\/v2\/posts"}],"about":[{"href":"https:\/\/vocesparalelas.com.ar\/sitio\/wp-json\/wp\/v2\/types\/post"}],"author":[{"embeddable":true,"href":"https:\/\/vocesparalelas.com.ar\/sitio\/wp-json\/wp\/v2\/users\/3"}],"replies":[{"embeddable":true,"href":"https:\/\/vocesparalelas.com.ar\/sitio\/wp-json\/wp\/v2\/comments?post=83735"}],"version-history":[{"count":1,"href":"https:\/\/vocesparalelas.com.ar\/sitio\/wp-json\/wp\/v2\/posts\/83735\/revisions"}],"predecessor-version":[{"id":83740,"href":"https:\/\/vocesparalelas.com.ar\/sitio\/wp-json\/wp\/v2\/posts\/83735\/revisions\/83740"}],"wp:featuredmedia":[{"embeddable":true,"href":"https:\/\/vocesparalelas.com.ar\/sitio\/wp-json\/wp\/v2\/media\/83738"}],"wp:attachment":[{"href":"https:\/\/vocesparalelas.com.ar\/sitio\/wp-json\/wp\/v2\/media?parent=83735"}],"wp:term":[{"taxonomy":"category","embeddable":true,"href":"https:\/\/vocesparalelas.com.ar\/sitio\/wp-json\/wp\/v2\/categories?post=83735"},{"taxonomy":"post_tag","embeddable":true,"href":"https:\/\/vocesparalelas.com.ar\/sitio\/wp-json\/wp\/v2\/tags?post=83735"}],"curies":[{"name":"wp","href":"https:\/\/api.w.org\/{rel}","templated":true}]}}