{"id":83681,"date":"2025-03-11T20:24:03","date_gmt":"2025-03-11T23:24:03","guid":{"rendered":"https:\/\/vocesparalelas.com.ar\/sitio\/?p=83681"},"modified":"2025-03-13T00:53:53","modified_gmt":"2025-03-13T03:53:53","slug":"curso-de-perfeccionamiento-comunicar-la-investigacion-practicas-de-escritura-academica-y-circuitos-de-publicacion-en-el-nivel-superior-en-san-juan","status":"publish","type":"post","link":"https:\/\/vocesparalelas.com.ar\/sitio\/curso-de-perfeccionamiento-comunicar-la-investigacion-practicas-de-escritura-academica-y-circuitos-de-publicacion-en-el-nivel-superior-en-san-juan\/","title":{"rendered":"Curso de perfeccionamiento \u201cComunicar la Investigaci\u00f3n: Pr\u00e1cticas de escritura acad\u00e9mica y circuitos de publicaci\u00f3n en el Nivel Superior\u00bb en San Juan"},"content":{"rendered":"<p>El Ministerio de Educaci\u00f3n del Gobierno de San Juan, a trav\u00e9s de la Direcci\u00f3n de Educaci\u00f3n Superior, desarrolla el curso de perfeccionamiento \u201cComunicar la Investigaci\u00f3n: Pr\u00e1cticas de escritura acad\u00e9mica y circuitos de publicaci\u00f3n en el Nivel Superior\u201d.<\/p>\n<p>Comienza\u00a0 el 20 de Marzo y est\u00e1 destinado a docentes investigadores de los Institutos Superiores de Formaci\u00f3n Docente de la provincia de San Juan.<\/p>\n<p>Esta propuesta de perfeccionamiento se realiz\u00e1 en conjunto con el Instituto de Investigaciones en Ciencias de la Educaci\u00f3n de la Facultad de Filosof\u00eda, Humanidades y Artes de la Universidad Nacional de San Juan y la C\u00e1tedra UNESCO para la Lectura y Escritura-subsede UNSJ.<\/p>\n<p>El objetivo del curso es fortalecer la cultura investigativa en los Institutos de Formaci\u00f3n Docente, a trav\u00e9s de la comunicaci\u00f3n de los conocimientos cient\u00edficos.<\/p>\n<p><img loading=\"lazy\" decoding=\"async\" class=\"alignnone size-large wp-image-23129\" src=\"https:\/\/vocesparalelas.com.ar\/sitio\/wp-content\/uploads\/2019\/08\/DOCENTES-CAPACITAN-10-800x531.jpg\" alt=\"\" width=\"800\" height=\"531\" srcset=\"https:\/\/vocesparalelas.com.ar\/sitio\/wp-content\/uploads\/2019\/08\/DOCENTES-CAPACITAN-10-800x531.jpg 800w, https:\/\/vocesparalelas.com.ar\/sitio\/wp-content\/uploads\/2019\/08\/DOCENTES-CAPACITAN-10-300x199.jpg 300w, https:\/\/vocesparalelas.com.ar\/sitio\/wp-content\/uploads\/2019\/08\/DOCENTES-CAPACITAN-10-768x510.jpg 768w, https:\/\/vocesparalelas.com.ar\/sitio\/wp-content\/uploads\/2019\/08\/DOCENTES-CAPACITAN-10.jpg 1000w\" sizes=\"auto, (max-width: 800px) 100vw, 800px\" \/><\/p>\n<p>Responde, adem\u00e1s, a una demanda de capacitaci\u00f3n y profundizaci\u00f3n en herramientas espec\u00edficas para la participaci\u00f3n y socializaci\u00f3n de producciones de investigaci\u00f3n educativa en instancias de difusi\u00f3n y divulgaci\u00f3n cient\u00edfica.<\/p>\n<p>De esta manera la ministra de Educaci\u00f3n del Gobierno de San Juan, Lic. Silvia Fuentes, sigue impulsando la formaci\u00f3n profesional de docentes de los distintos niveles, jerarquizando el rol del docente e impulsando la calidad educativa.<\/p>\n<p>El curso se brinda desde el 20 de Marzo en el Centro de Formaci\u00f3n Docente Margarita Ferr\u00e1 de Bartol, de 18 a 21. Son cuatro encuentros presenciales y actividades no presenciales, con una carga horaria de 35 horas reloj (Resoluci\u00f3n Ministerial Nro 3342-ME-2025 y Resoluci\u00f3n Nro 190\/24-CD-FFHA).<\/p>\n<p><span style=\"color: #ff6600;\"><strong>Contenidos<\/strong><\/span><\/p>\n<ul>\n<li>Eje Escritura acad\u00e9mica: g\u00e9neros discursivos y tipos de texto para comunicar resultados de investigaci\u00f3n. Problemas de la enunciaci\u00f3n. Polifon\u00eda. Citas y Referencias. Normativa de escritura acad\u00e9mica.<\/li>\n<li>Eje Difusi\u00f3n y divulgaci\u00f3n cient\u00edfica: comunicar los resultados de una investigaci\u00f3n. Difusi\u00f3n y divulgaci\u00f3n cient\u00edfica. Estrategias de divulgaci\u00f3n cient\u00edfica y sentidos sobre la reapropiaci\u00f3n social del conocimiento cient\u00edfico. Tipos y circuitos de publicaci\u00f3n.<\/li>\n<\/ul>\n<p><strong><span style=\"color: #ff6600;\">Inscripci\u00f3n<\/span><\/strong><\/p>\n<p>https:\/\/docs.google.com\/forms\/d\/e\/1FAIpQLSdohUQCIVsrD179nvhkVuJKFVizpmjguEzK9PvN-gIekU556Q\/closedform<\/p>\n<p><strong><span style=\"color: #ff6600;\">Mayor informaci\u00f3n<\/span><\/strong><\/p>\n<p><a href=\"http:\/\/edusuperior.inv@gmail.com.\">http:\/\/edusuperior.inv@gmail.com.<\/a><\/p>\n<p>&nbsp;<\/p>\n<p><img loading=\"lazy\" decoding=\"async\" class=\"alignnone size-full wp-image-28629\" src=\"https:\/\/vocesparalelas.com.ar\/sitio\/wp-content\/uploads\/2020\/05\/MINISTERIO-EDUCACION-SJ.jpg\" alt=\"\" width=\"800\" height=\"533\" srcset=\"https:\/\/vocesparalelas.com.ar\/sitio\/wp-content\/uploads\/2020\/05\/MINISTERIO-EDUCACION-SJ.jpg 800w, https:\/\/vocesparalelas.com.ar\/sitio\/wp-content\/uploads\/2020\/05\/MINISTERIO-EDUCACION-SJ-300x200.jpg 300w, https:\/\/vocesparalelas.com.ar\/sitio\/wp-content\/uploads\/2020\/05\/MINISTERIO-EDUCACION-SJ-768x512.jpg 768w\" sizes=\"auto, (max-width: 800px) 100vw, 800px\" \/><\/p>\n","protected":false},"excerpt":{"rendered":"<p>El Ministerio de Educaci\u00f3n del Gobierno de San Juan, a trav\u00e9s de la Direcci\u00f3n de Educaci\u00f3n Superior, desarrolla el curso<\/p>\n","protected":false},"author":3,"featured_media":12864,"comment_status":"closed","ping_status":"closed","sticky":false,"template":"","format":"standard","meta":{"_acf_changed":false,"_seopress_robots_primary_cat":"none","_seopress_titles_title":"","_seopress_titles_desc":"","_seopress_robots_index":"","colormag_page_container_layout":"default_layout","colormag_page_sidebar_layout":"default_layout","footnotes":""},"categories":[9],"tags":[],"class_list":["post-83681","post","type-post","status-publish","format-standard","has-post-thumbnail","hentry","category-cursos"],"acf":[],"_links":{"self":[{"href":"https:\/\/vocesparalelas.com.ar\/sitio\/wp-json\/wp\/v2\/posts\/83681","targetHints":{"allow":["GET"]}}],"collection":[{"href":"https:\/\/vocesparalelas.com.ar\/sitio\/wp-json\/wp\/v2\/posts"}],"about":[{"href":"https:\/\/vocesparalelas.com.ar\/sitio\/wp-json\/wp\/v2\/types\/post"}],"author":[{"embeddable":true,"href":"https:\/\/vocesparalelas.com.ar\/sitio\/wp-json\/wp\/v2\/users\/3"}],"replies":[{"embeddable":true,"href":"https:\/\/vocesparalelas.com.ar\/sitio\/wp-json\/wp\/v2\/comments?post=83681"}],"version-history":[{"count":2,"href":"https:\/\/vocesparalelas.com.ar\/sitio\/wp-json\/wp\/v2\/posts\/83681\/revisions"}],"predecessor-version":[{"id":83741,"href":"https:\/\/vocesparalelas.com.ar\/sitio\/wp-json\/wp\/v2\/posts\/83681\/revisions\/83741"}],"wp:featuredmedia":[{"embeddable":true,"href":"https:\/\/vocesparalelas.com.ar\/sitio\/wp-json\/wp\/v2\/media\/12864"}],"wp:attachment":[{"href":"https:\/\/vocesparalelas.com.ar\/sitio\/wp-json\/wp\/v2\/media?parent=83681"}],"wp:term":[{"taxonomy":"category","embeddable":true,"href":"https:\/\/vocesparalelas.com.ar\/sitio\/wp-json\/wp\/v2\/categories?post=83681"},{"taxonomy":"post_tag","embeddable":true,"href":"https:\/\/vocesparalelas.com.ar\/sitio\/wp-json\/wp\/v2\/tags?post=83681"}],"curies":[{"name":"wp","href":"https:\/\/api.w.org\/{rel}","templated":true}]}}