{"id":83666,"date":"2025-03-11T19:27:13","date_gmt":"2025-03-11T22:27:13","guid":{"rendered":"https:\/\/vocesparalelas.com.ar\/sitio\/?p=83666"},"modified":"2025-03-11T19:37:23","modified_gmt":"2025-03-11T22:37:23","slug":"sin-paro-docente-en-san-juan-porque-se-decreto-la-conciliacion-obligatoria","status":"publish","type":"post","link":"https:\/\/vocesparalelas.com.ar\/sitio\/sin-paro-docente-en-san-juan-porque-se-decreto-la-conciliacion-obligatoria\/","title":{"rendered":"Sin Paro Docente en San Juan porque se decret\u00f3 la Conciliaci\u00f3n Obligatoria"},"content":{"rendered":"<p>UDA San Juan comunica a los docentes que luego de ratificar el paro de los d\u00edas 12 y 13 de Marzo de 2025, la Subsecretar\u00eda de Trabajo, que depende de gobierno de la provincia de San Juan, decret\u00f3 la Conciliaci\u00f3n Obligatoria para el 13 de Marzo, a las 9: 30 hs.<\/p>\n<p>Es lamentable la forma en que considera este gobierno a la docencia, anteponiendo organismos que son funcionales al poder de turno, cercenando los Derechos de los Trabajadores.<\/p>\n<p>Seguimos en estado de alerta.\u00a0Una vez m\u00e1s nos obligan y someten coercitivamente al proceso dictatorial de conciliaci\u00f3n obligatoria.<\/p>\n<p>UDA \u00fanico sindicato con representatividad en las gestiones, niveles y modalidades del sistema educativo.<\/p>\n<p><img loading=\"lazy\" decoding=\"async\" class=\"alignnone size-full wp-image-83262\" src=\"https:\/\/vocesparalelas.com.ar\/sitio\/wp-content\/uploads\/2025\/03\/UDA-SAN-JUAN-NANIFESTACION.jpg\" alt=\"\" width=\"800\" height=\"450\" srcset=\"https:\/\/vocesparalelas.com.ar\/sitio\/wp-content\/uploads\/2025\/03\/UDA-SAN-JUAN-NANIFESTACION.jpg 800w, https:\/\/vocesparalelas.com.ar\/sitio\/wp-content\/uploads\/2025\/03\/UDA-SAN-JUAN-NANIFESTACION-300x169.jpg 300w, https:\/\/vocesparalelas.com.ar\/sitio\/wp-content\/uploads\/2025\/03\/UDA-SAN-JUAN-NANIFESTACION-768x432.jpg 768w\" sizes=\"auto, (max-width: 800px) 100vw, 800px\" \/><\/p>\n","protected":false},"excerpt":{"rendered":"<p>UDA San Juan comunica a los docentes que luego de ratificar el paro de los d\u00edas 12 y 13 de<\/p>\n","protected":false},"author":3,"featured_media":74657,"comment_status":"closed","ping_status":"closed","sticky":false,"template":"","format":"standard","meta":{"_acf_changed":false,"_seopress_robots_primary_cat":"none","_seopress_titles_title":"","_seopress_titles_desc":"","_seopress_robots_index":"","colormag_page_container_layout":"default_layout","colormag_page_sidebar_layout":"default_layout","footnotes":""},"categories":[1],"tags":[],"class_list":["post-83666","post","type-post","status-publish","format-standard","has-post-thumbnail","hentry","category-destacadas"],"acf":[],"_links":{"self":[{"href":"https:\/\/vocesparalelas.com.ar\/sitio\/wp-json\/wp\/v2\/posts\/83666","targetHints":{"allow":["GET"]}}],"collection":[{"href":"https:\/\/vocesparalelas.com.ar\/sitio\/wp-json\/wp\/v2\/posts"}],"about":[{"href":"https:\/\/vocesparalelas.com.ar\/sitio\/wp-json\/wp\/v2\/types\/post"}],"author":[{"embeddable":true,"href":"https:\/\/vocesparalelas.com.ar\/sitio\/wp-json\/wp\/v2\/users\/3"}],"replies":[{"embeddable":true,"href":"https:\/\/vocesparalelas.com.ar\/sitio\/wp-json\/wp\/v2\/comments?post=83666"}],"version-history":[{"count":1,"href":"https:\/\/vocesparalelas.com.ar\/sitio\/wp-json\/wp\/v2\/posts\/83666\/revisions"}],"predecessor-version":[{"id":83669,"href":"https:\/\/vocesparalelas.com.ar\/sitio\/wp-json\/wp\/v2\/posts\/83666\/revisions\/83669"}],"wp:featuredmedia":[{"embeddable":true,"href":"https:\/\/vocesparalelas.com.ar\/sitio\/wp-json\/wp\/v2\/media\/74657"}],"wp:attachment":[{"href":"https:\/\/vocesparalelas.com.ar\/sitio\/wp-json\/wp\/v2\/media?parent=83666"}],"wp:term":[{"taxonomy":"category","embeddable":true,"href":"https:\/\/vocesparalelas.com.ar\/sitio\/wp-json\/wp\/v2\/categories?post=83666"},{"taxonomy":"post_tag","embeddable":true,"href":"https:\/\/vocesparalelas.com.ar\/sitio\/wp-json\/wp\/v2\/tags?post=83666"}],"curies":[{"name":"wp","href":"https:\/\/api.w.org\/{rel}","templated":true}]}}