{"id":83641,"date":"2025-03-11T18:15:14","date_gmt":"2025-03-11T21:15:14","guid":{"rendered":"https:\/\/vocesparalelas.com.ar\/sitio\/?p=83641"},"modified":"2025-03-11T20:09:04","modified_gmt":"2025-03-11T23:09:04","slug":"se-amplio-y-remodelo-el-centro-de-salud-dr-elio-cantoni","status":"publish","type":"post","link":"https:\/\/vocesparalelas.com.ar\/sitio\/se-amplio-y-remodelo-el-centro-de-salud-dr-elio-cantoni\/","title":{"rendered":"Se ampli\u00f3 y remodel\u00f3 el Centro de Salud Dr. Elio Cantoni"},"content":{"rendered":"<p>El gobernador de San Juan, Dr. Marcelo Orrego particip\u00f3 de la inauguraci\u00f3n de las obras de ampliaci\u00f3n y refacci\u00f3n del Centro de Atenci\u00f3n Primaria, Dr. Elio Cantoni, de Villa Hip\u00f3dromo, Departamento Rawson.<\/p>\n<p>En la recorrida, el gobernador estuvo acompa\u00f1ado por el ministro de Salud, Dr. Amilcar Dobladez, el ministro de Infraestructura, Agua y Energ\u00eda, Arq. Fernando Perea, el intendente de la Municipalidad de Rawson, Dr. Carlos Munisaga, diputados provinciales, m\u00e9dicos y enfermeros del CAPS y dem\u00e1s invitados.<\/p>\n<p>El gobernador destac\u00f3 la importancia de estas obras de refacci\u00f3n, que permitir\u00e1 evitar el colapso y acerca m\u00e1s servicios a las familias porque \u201cviene much\u00edsima gente, m\u00e1s de 10.000 personas, que asisten al Centro de Salud\u201d.<\/p>\n<p>El gobernador agradeci\u00f3 al Ministerio de Salud, al personal m\u00e9dico y de enfermer\u00eda, que son quienes aseguran un mejor servicio de salud para todos. \u201cEs una obra s\u00faper importante para descentralizar los dos centros m\u00e1s importantes que tenemos\u201d.<\/p>\n<p><img loading=\"lazy\" decoding=\"async\" class=\"alignnone size-full wp-image-83645\" src=\"https:\/\/vocesparalelas.com.ar\/sitio\/wp-content\/uploads\/2025\/03\/SALUD-CANTONI-02.jpg\" alt=\"\" width=\"800\" height=\"535\" srcset=\"https:\/\/vocesparalelas.com.ar\/sitio\/wp-content\/uploads\/2025\/03\/SALUD-CANTONI-02.jpg 800w, https:\/\/vocesparalelas.com.ar\/sitio\/wp-content\/uploads\/2025\/03\/SALUD-CANTONI-02-300x201.jpg 300w, https:\/\/vocesparalelas.com.ar\/sitio\/wp-content\/uploads\/2025\/03\/SALUD-CANTONI-02-768x514.jpg 768w\" sizes=\"auto, (max-width: 800px) 100vw, 800px\" \/><\/p>\n<p>El Centro de Salud Dr. Elio Cantoni brinda servicio de salud a miles de vecinos en \u00e1reas como odontolog\u00eda, kinesiolog\u00eda, enfermer\u00eda, vacunaci\u00f3n, farmacia, ahora suma ampliaci\u00f3n y refacci\u00f3n de:<\/p>\n<ul>\n<li>Acceso principal peatonal<\/li>\n<li>Administraci\u00f3n<\/li>\n<li>Sala de espera<\/li>\n<li>Enfermer\u00eda con sector de \u00e1rea limpia y \u00e1rea sucia<\/li>\n<li>Tres consultorios: odontolog\u00eda, kinesiolog\u00eda y de peso y talla<\/li>\n<li>Farmacia con amplio dep\u00f3sito de guardado<\/li>\n<li>Vacunatorio<\/li>\n<li>Cocina<\/li>\n<li>Sanitarios p\u00fablicos<\/li>\n<li>Sanitario para personal<\/li>\n<\/ul>\n<p>Adem\u00e1s de estas ampliaciones, que son esenciales para que el trabajo del personal m\u00e9dico y sanitarista, se han realizado trabajos de pintura, nuevas luminarias y la instalaci\u00f3n de aires acondicionados y mobiliario como sillas, mesas y camillas.<\/p>\n<p>&nbsp;<\/p>\n<p><iframe loading=\"lazy\" title=\"El gobernador inaugur\u00f3 obras de ampliaci\u00f3n y de remodelaci\u00f3n del CAPS Dr. Elio Cantoni en Rawson\" width=\"800\" height=\"450\" src=\"https:\/\/www.youtube.com\/embed\/Dfn3Gwagw1g?feature=oembed\" frameborder=\"0\" allow=\"accelerometer; autoplay; clipboard-write; encrypted-media; gyroscope; picture-in-picture; web-share\" referrerpolicy=\"strict-origin-when-cross-origin\" allowfullscreen><\/iframe><\/p>\n","protected":false},"excerpt":{"rendered":"<p>El gobernador de San Juan, Dr. Marcelo Orrego particip\u00f3 de la inauguraci\u00f3n de las obras de ampliaci\u00f3n y refacci\u00f3n del<\/p>\n","protected":false},"author":3,"featured_media":83644,"comment_status":"closed","ping_status":"closed","sticky":false,"template":"","format":"standard","meta":{"_acf_changed":false,"_seopress_robots_primary_cat":"none","_seopress_titles_title":"","_seopress_titles_desc":"","_seopress_robots_index":"","colormag_page_container_layout":"default_layout","colormag_page_sidebar_layout":"default_layout","footnotes":""},"categories":[1],"tags":[],"class_list":["post-83641","post","type-post","status-publish","format-standard","has-post-thumbnail","hentry","category-destacadas"],"acf":[],"_links":{"self":[{"href":"https:\/\/vocesparalelas.com.ar\/sitio\/wp-json\/wp\/v2\/posts\/83641","targetHints":{"allow":["GET"]}}],"collection":[{"href":"https:\/\/vocesparalelas.com.ar\/sitio\/wp-json\/wp\/v2\/posts"}],"about":[{"href":"https:\/\/vocesparalelas.com.ar\/sitio\/wp-json\/wp\/v2\/types\/post"}],"author":[{"embeddable":true,"href":"https:\/\/vocesparalelas.com.ar\/sitio\/wp-json\/wp\/v2\/users\/3"}],"replies":[{"embeddable":true,"href":"https:\/\/vocesparalelas.com.ar\/sitio\/wp-json\/wp\/v2\/comments?post=83641"}],"version-history":[{"count":4,"href":"https:\/\/vocesparalelas.com.ar\/sitio\/wp-json\/wp\/v2\/posts\/83641\/revisions"}],"predecessor-version":[{"id":83680,"href":"https:\/\/vocesparalelas.com.ar\/sitio\/wp-json\/wp\/v2\/posts\/83641\/revisions\/83680"}],"wp:featuredmedia":[{"embeddable":true,"href":"https:\/\/vocesparalelas.com.ar\/sitio\/wp-json\/wp\/v2\/media\/83644"}],"wp:attachment":[{"href":"https:\/\/vocesparalelas.com.ar\/sitio\/wp-json\/wp\/v2\/media?parent=83641"}],"wp:term":[{"taxonomy":"category","embeddable":true,"href":"https:\/\/vocesparalelas.com.ar\/sitio\/wp-json\/wp\/v2\/categories?post=83641"},{"taxonomy":"post_tag","embeddable":true,"href":"https:\/\/vocesparalelas.com.ar\/sitio\/wp-json\/wp\/v2\/tags?post=83641"}],"curies":[{"name":"wp","href":"https:\/\/api.w.org\/{rel}","templated":true}]}}