{"id":83617,"date":"2025-03-10T20:04:24","date_gmt":"2025-03-10T23:04:24","guid":{"rendered":"https:\/\/vocesparalelas.com.ar\/sitio\/?p=83617"},"modified":"2025-03-11T20:27:44","modified_gmt":"2025-03-11T23:27:44","slug":"se-abre-la-paritaria-docente-entre-el-gobierno-de-san-juan-y-los-gremios-docentes-udap-uda-y-amet","status":"publish","type":"post","link":"https:\/\/vocesparalelas.com.ar\/sitio\/se-abre-la-paritaria-docente-entre-el-gobierno-de-san-juan-y-los-gremios-docentes-udap-uda-y-amet\/","title":{"rendered":"Se abre la Paritaria Docente entre el Gobierno de San Juan y los Gremios Docentes UDAP, UDA y AMET"},"content":{"rendered":"<p>El Gobierno de San Juan convoc\u00f3 para el Jueves, 13 de Marzo a reanudar la reuni\u00f3n paritaria Docente. Por ello, invit\u00f3 a los representantes de los Gremios Docentes UDAP, UDA y AMET.<\/p>\n<p>Es importante recordar, afianzar y fortalecer se debe seguir con las negociaciones salariales siempre en el marco del di\u00e1logo que se ha venido manteniendo durante este tiempo.<\/p>\n<p>Esta reuni\u00f3n se convoca por pedido de los gremios docentes que se adelantara ya que el Gobierno de San Juan dispuso para Abril.<\/p>\n<p><iframe loading=\"lazy\" title=\"SAN JUAN DOCENTES\" width=\"800\" height=\"450\" src=\"https:\/\/www.youtube.com\/embed\/rjiGm05HdmQ?feature=oembed\" frameborder=\"0\" allow=\"accelerometer; autoplay; clipboard-write; encrypted-media; gyroscope; picture-in-picture; web-share\" referrerpolicy=\"strict-origin-when-cross-origin\" allowfullscreen><\/iframe><\/p>\n<p><span style=\"color: #ff6600;\"><strong>Recuerdos<\/strong><\/span><\/p>\n<blockquote class=\"wp-embedded-content\" data-secret=\"kqPsoCT5Eu\"><p><a href=\"https:\/\/vocesparalelas.com.ar\/sitio\/sin-respuesta-del-gobierno-de-san-juan-udap-convoca-paro-por-48-hs-de-los-docentes\/\">Sin respuesta del Gobierno de San Juan UDAP convoca \u00abParo por 48 hs\u00bb de los Docentes<\/a><\/p><\/blockquote>\n<p><iframe loading=\"lazy\" class=\"wp-embedded-content\" sandbox=\"allow-scripts\" security=\"restricted\" style=\"position: absolute; visibility: hidden;\" title=\"\u00abSin respuesta del Gobierno de San Juan UDAP convoca \u00abParo por 48 hs\u00bb de los Docentes\u00bb \u2014 Voces Paralelas\" src=\"https:\/\/vocesparalelas.com.ar\/sitio\/sin-respuesta-del-gobierno-de-san-juan-udap-convoca-paro-por-48-hs-de-los-docentes\/embed\/#?secret=9BCSPkNYP4#?secret=kqPsoCT5Eu\" data-secret=\"kqPsoCT5Eu\" width=\"600\" height=\"338\" frameborder=\"0\" marginwidth=\"0\" marginheight=\"0\" scrolling=\"no\"><\/iframe><\/p>\n<p><strong><span style=\"color: #ff6600;\">Despu\u00e9s hubo un paro Nacional y Provincial con Marcha de los docentes de San Juan<\/span><\/strong><\/p>\n<blockquote class=\"wp-embedded-content\" data-secret=\"aePxOmde5J\"><p><a href=\"https:\/\/vocesparalelas.com.ar\/sitio\/8000-docentes-se-movilizaron-en-san-juan-por-un-sueldo-digno\/\">8000 docentes se movilizaron en San Juan por un sueldo digno<\/a><\/p><\/blockquote>\n<p><iframe loading=\"lazy\" class=\"wp-embedded-content\" sandbox=\"allow-scripts\" security=\"restricted\" style=\"position: absolute; visibility: hidden;\" title=\"\u00ab8000 docentes se movilizaron en San Juan por un sueldo digno\u00bb \u2014 Voces Paralelas\" src=\"https:\/\/vocesparalelas.com.ar\/sitio\/8000-docentes-se-movilizaron-en-san-juan-por-un-sueldo-digno\/embed\/#?secret=7I0a4eRoze#?secret=aePxOmde5J\" data-secret=\"aePxOmde5J\" width=\"600\" height=\"338\" frameborder=\"0\" marginwidth=\"0\" marginheight=\"0\" scrolling=\"no\"><\/iframe><\/p>\n<p><strong><span style=\"color: #ff6600;\">La propuesta del Gobierno de San Juan<\/span><\/strong><\/p>\n<blockquote class=\"wp-embedded-content\" data-secret=\"BUTCJuk4BA\"><p><a href=\"https:\/\/vocesparalelas.com.ar\/sitio\/nueva-propuesta-salarial-del-gobierno-de-san-juan-y-los-gremios-docentes-la-rechazaron-por-insuficiente\/\">Nueva Propuesta salarial del Gobierno de San Juan y los Gremios Docentes la rechazaron por insuficiente<\/a><\/p><\/blockquote>\n<p><iframe loading=\"lazy\" class=\"wp-embedded-content\" sandbox=\"allow-scripts\" security=\"restricted\" style=\"position: absolute; visibility: hidden;\" title=\"\u00abNueva Propuesta salarial del Gobierno de San Juan y los Gremios Docentes la rechazaron por insuficiente\u00bb \u2014 Voces Paralelas\" src=\"https:\/\/vocesparalelas.com.ar\/sitio\/nueva-propuesta-salarial-del-gobierno-de-san-juan-y-los-gremios-docentes-la-rechazaron-por-insuficiente\/embed\/#?secret=KDQj7TOBUs#?secret=BUTCJuk4BA\" data-secret=\"BUTCJuk4BA\" width=\"600\" height=\"338\" frameborder=\"0\" marginwidth=\"0\" marginheight=\"0\" scrolling=\"no\"><\/iframe><\/p>\n","protected":false},"excerpt":{"rendered":"<p>El Gobierno de San Juan convoc\u00f3 para el Jueves, 13 de Marzo a reanudar la reuni\u00f3n paritaria Docente. Por ello,<\/p>\n","protected":false},"author":3,"featured_media":82571,"comment_status":"closed","ping_status":"closed","sticky":false,"template":"","format":"standard","meta":{"_acf_changed":false,"_seopress_robots_primary_cat":"none","_seopress_titles_title":"","_seopress_titles_desc":"","_seopress_robots_index":"","colormag_page_container_layout":"default_layout","colormag_page_sidebar_layout":"default_layout","footnotes":""},"categories":[6,7],"tags":[],"class_list":["post-83617","post","type-post","status-publish","format-standard","has-post-thumbnail","hentry","category-eventos","category-videos"],"acf":[],"_links":{"self":[{"href":"https:\/\/vocesparalelas.com.ar\/sitio\/wp-json\/wp\/v2\/posts\/83617","targetHints":{"allow":["GET"]}}],"collection":[{"href":"https:\/\/vocesparalelas.com.ar\/sitio\/wp-json\/wp\/v2\/posts"}],"about":[{"href":"https:\/\/vocesparalelas.com.ar\/sitio\/wp-json\/wp\/v2\/types\/post"}],"author":[{"embeddable":true,"href":"https:\/\/vocesparalelas.com.ar\/sitio\/wp-json\/wp\/v2\/users\/3"}],"replies":[{"embeddable":true,"href":"https:\/\/vocesparalelas.com.ar\/sitio\/wp-json\/wp\/v2\/comments?post=83617"}],"version-history":[{"count":3,"href":"https:\/\/vocesparalelas.com.ar\/sitio\/wp-json\/wp\/v2\/posts\/83617\/revisions"}],"predecessor-version":[{"id":83622,"href":"https:\/\/vocesparalelas.com.ar\/sitio\/wp-json\/wp\/v2\/posts\/83617\/revisions\/83622"}],"wp:featuredmedia":[{"embeddable":true,"href":"https:\/\/vocesparalelas.com.ar\/sitio\/wp-json\/wp\/v2\/media\/82571"}],"wp:attachment":[{"href":"https:\/\/vocesparalelas.com.ar\/sitio\/wp-json\/wp\/v2\/media?parent=83617"}],"wp:term":[{"taxonomy":"category","embeddable":true,"href":"https:\/\/vocesparalelas.com.ar\/sitio\/wp-json\/wp\/v2\/categories?post=83617"},{"taxonomy":"post_tag","embeddable":true,"href":"https:\/\/vocesparalelas.com.ar\/sitio\/wp-json\/wp\/v2\/tags?post=83617"}],"curies":[{"name":"wp","href":"https:\/\/api.w.org\/{rel}","templated":true}]}}