{"id":83609,"date":"2025-03-10T20:34:35","date_gmt":"2025-03-10T23:34:35","guid":{"rendered":"https:\/\/vocesparalelas.com.ar\/sitio\/?p=83609"},"modified":"2025-03-11T20:28:33","modified_gmt":"2025-03-11T23:28:33","slug":"desafio-del-agua-en-el-dique-punta-negra-en-san-juan","status":"publish","type":"post","link":"https:\/\/vocesparalelas.com.ar\/sitio\/desafio-del-agua-en-el-dique-punta-negra-en-san-juan\/","title":{"rendered":"\u00abDesaf\u00edo del Agua\u00bb en el Dique Punta Negra en San Juan"},"content":{"rendered":"<p>El S\u00e1bado, 15 de marzo se realiza un certamen de aguas abiertas con distancias de 750 y 1500 metros organizado a cargo de un equipo de nadadores de San Juan y cuenta con el apoyo de distintas instituciones gubernamentales. La competencia, destinada a fan\u00e1ticos de la nataci\u00f3n y deportes acu\u00e1ticos, tendr\u00e1 distancias de 750 y 1500 metros.<\/p>\n<p>El certamen se desarrolla en la bah\u00eda del Dique Punta Negra, un sector considerado seguro gracias a su delimitaci\u00f3n con boyas, y se realiza entre las 17:00 y 21:00 hs, de este s\u00e1bado 15 de marzo.<\/p>\n<p><span style=\"color: #ff6600;\"><strong>Inscripci\u00f3n<\/strong><\/span><\/p>\n<p>Puede acercarte por El Almendro Sport o completa el formulario<\/p>\n<p><a href=\"https:\/\/forms.gle\/Tk4nhEGuYSs9Z3Cp7\">https:\/\/forms.gle\/Tk4nhEGuYSs9Z3Cp7<\/a><\/p>\n<p>El objetivo es promover la pr\u00e1ctica deportiva de todo el p\u00fablico, fomentar el turismo y disfrutar del aire libre.<\/p>\n<p>Adem\u00e1s la nataci\u00f3n en aguas abiertas era una disciplina desconocida en nuestra provincia, pero gracias a la incorporaci\u00f3n de actividades n\u00e1uticas en Punta Negra, cada vez m\u00e1s personas se animan a la pr\u00e1ctica de este deporte.<\/p>\n<p>La Secretar\u00eda de Deporte, a trav\u00e9s de la Seguridad N\u00e1utica, ayudar\u00e1 en la se\u00f1alizaci\u00f3n del circuito y el cuidado de los nadadores.<\/p>\n<p>&nbsp;<\/p>\n<figure id=\"attachment_78943\" aria-describedby=\"caption-attachment-78943\" style=\"width: 800px\" class=\"wp-caption alignnone\"><img loading=\"lazy\" decoding=\"async\" class=\"size-full wp-image-78943\" src=\"https:\/\/vocesparalelas.com.ar\/sitio\/wp-content\/uploads\/2024\/11\/DEPORTE-AGUA-NEGRA-01.jpg\" alt=\"\" width=\"800\" height=\"450\" srcset=\"https:\/\/vocesparalelas.com.ar\/sitio\/wp-content\/uploads\/2024\/11\/DEPORTE-AGUA-NEGRA-01.jpg 800w, https:\/\/vocesparalelas.com.ar\/sitio\/wp-content\/uploads\/2024\/11\/DEPORTE-AGUA-NEGRA-01-300x169.jpg 300w, https:\/\/vocesparalelas.com.ar\/sitio\/wp-content\/uploads\/2024\/11\/DEPORTE-AGUA-NEGRA-01-768x432.jpg 768w\" sizes=\"auto, (max-width: 800px) 100vw, 800px\" \/><figcaption id=\"caption-attachment-78943\" class=\"wp-caption-text\">Dique de Agua Negra, Provincia de San Juan, Rep\u00fablica Argentina<\/figcaption><\/figure>\n","protected":false},"excerpt":{"rendered":"<p>El S\u00e1bado, 15 de marzo se realiza un certamen de aguas abiertas con distancias de 750 y 1500 metros organizado<\/p>\n","protected":false},"author":3,"featured_media":69045,"comment_status":"closed","ping_status":"closed","sticky":false,"template":"","format":"standard","meta":{"_acf_changed":false,"_seopress_robots_primary_cat":"none","_seopress_titles_title":"","_seopress_titles_desc":"","_seopress_robots_index":"","colormag_page_container_layout":"default_layout","colormag_page_sidebar_layout":"default_layout","footnotes":""},"categories":[2],"tags":[],"class_list":["post-83609","post","type-post","status-publish","format-standard","has-post-thumbnail","hentry","category-convocatorias"],"acf":[],"_links":{"self":[{"href":"https:\/\/vocesparalelas.com.ar\/sitio\/wp-json\/wp\/v2\/posts\/83609","targetHints":{"allow":["GET"]}}],"collection":[{"href":"https:\/\/vocesparalelas.com.ar\/sitio\/wp-json\/wp\/v2\/posts"}],"about":[{"href":"https:\/\/vocesparalelas.com.ar\/sitio\/wp-json\/wp\/v2\/types\/post"}],"author":[{"embeddable":true,"href":"https:\/\/vocesparalelas.com.ar\/sitio\/wp-json\/wp\/v2\/users\/3"}],"replies":[{"embeddable":true,"href":"https:\/\/vocesparalelas.com.ar\/sitio\/wp-json\/wp\/v2\/comments?post=83609"}],"version-history":[{"count":1,"href":"https:\/\/vocesparalelas.com.ar\/sitio\/wp-json\/wp\/v2\/posts\/83609\/revisions"}],"predecessor-version":[{"id":83612,"href":"https:\/\/vocesparalelas.com.ar\/sitio\/wp-json\/wp\/v2\/posts\/83609\/revisions\/83612"}],"wp:featuredmedia":[{"embeddable":true,"href":"https:\/\/vocesparalelas.com.ar\/sitio\/wp-json\/wp\/v2\/media\/69045"}],"wp:attachment":[{"href":"https:\/\/vocesparalelas.com.ar\/sitio\/wp-json\/wp\/v2\/media?parent=83609"}],"wp:term":[{"taxonomy":"category","embeddable":true,"href":"https:\/\/vocesparalelas.com.ar\/sitio\/wp-json\/wp\/v2\/categories?post=83609"},{"taxonomy":"post_tag","embeddable":true,"href":"https:\/\/vocesparalelas.com.ar\/sitio\/wp-json\/wp\/v2\/tags?post=83609"}],"curies":[{"name":"wp","href":"https:\/\/api.w.org\/{rel}","templated":true}]}}