{"id":83574,"date":"2025-03-10T10:54:39","date_gmt":"2025-03-10T13:54:39","guid":{"rendered":"https:\/\/vocesparalelas.com.ar\/sitio\/?p=83574"},"modified":"2025-03-10T21:32:11","modified_gmt":"2025-03-11T00:32:11","slug":"tres-dias-de-duelo-por-el-tragico-temporal-en-bahia-blanca","status":"publish","type":"post","link":"https:\/\/vocesparalelas.com.ar\/sitio\/tres-dias-de-duelo-por-el-tragico-temporal-en-bahia-blanca\/","title":{"rendered":"Tres d\u00edas de duelo por el tr\u00e1gico temporal en Bah\u00eda Blanca"},"content":{"rendered":"<p>En medio de los operativos de emergencia tras el masivo temporal en Bah\u00eda Blanca que hasta el momento dej\u00f3 16 muertos y algunas personas desaparecidas, el Gobierno decret\u00f3\u00a0tres d\u00edas de duelo\u00a0en honor a las v\u00edctimas fatales y confirm\u00f3 que enviar\u00e1 una asistencia de 10 mil millones de pesos al municipio para hacer frente a las reparaciones.<\/p>\n<p>A trav\u00e9s de un comunicado que public\u00f3 en las redes sociales, la\u00a0Oficina del Presidente\u00a0inform\u00f3 que la administraci\u00f3n de\u00a0Javier Milei\u00a0ha tomado esa decisi\u00f3n \u201cpor el fallecimiento de compatriotas en el temporal del viernes pasado\u201d.<\/p>\n<p>\u201cEn tiempo r\u00e9cord desde que se dispararon las alertas sobre esta cat\u00e1strofe, el Gobierno Nacional puso a disposici\u00f3n todos sus recursos para tareas de rescate, evacuaci\u00f3n, tratamiento m\u00e9dico, alojamiento y m\u00e1s\u201d, se destac\u00f3 en el texto.<\/p>\n<p>Esto se formaliz\u00f3 a primera hora de este lunes a trav\u00e9s del Decreto 178\/2025, donde se oficializ\u00f3 la medida producto de las \u201cdevastadoras consecuencias del temporal y de las inundaciones son de tal gravedad que han ocasionado adem\u00e1s la necesidad de evacuar a un gran n\u00famero de habitantes que han perdido todo, generando asimismo p\u00e9rdidas econ\u00f3micas irreparables\u201d.<\/p>\n<p>En este sentido, las autoridades detallaron que\u00a0\u201cel Ministerio de Seguridad Nacional y la Agencia Federal de Emergencias, pusieron en funcionamiento el Sistema Nacional para la Gesti\u00f3n Integral del Riesgo (SINAGIR), a trav\u00e9s del cual la Prefectura Naval, la Gendarmer\u00eda Nacional y el Ministerio de Defensa, quien despleg\u00f3 a las Fuerzas Armadas, fueron enviadas al terreno para asistir a los afectados con veh\u00edculos de evacuaci\u00f3n terrestre y fluvial\u201d.<\/p>\n<p class=\"paragraph\" data-mrf-recirculation=\"Links inline\">\u201cAdem\u00e1s, se orden\u00f3 la apertura de los cuarteles del Batall\u00f3n de Comunicaciones 181 y de la Base Naval Puerto Belgrano como centros de evacuados. Asimismo, las fuerzas involucradas contin\u00faan trabajando junto a las autoridades locales y provinciales en la localizaci\u00f3n de aquellos que a\u00fan est\u00e1n siendo buscados por sus familias\u201d, agreg\u00f3 el Gobierno.<\/p>\n<p class=\"paragraph\" data-mrf-recirculation=\"Links inline\">Adem\u00e1s, la Oficina del Presidente remarc\u00f3 que \u201cel Ministerio de Capital Humano traslad\u00f3, a trav\u00e9s de vuelos de la Fuerza A\u00e9rea Argentina, insumos b\u00e1sicos necesarios ante este tipo de emergencias y el Ministerio de Salud aport\u00f3 ambulancias, medicamentos y un hospital m\u00f3vil con 40 plazas para reforzar el sistema de emergencias local\u201d.<\/p>\n<p class=\"paragraph\" data-mrf-recirculation=\"Links inline\">\u201cPor \u00faltimo,\u00a0el Ministerio de Econom\u00eda aprob\u00f3 una ayuda econ\u00f3mica extraordinaria al municipio de Bah\u00eda Blanca de $10.000 millones para reparaci\u00f3n de los da\u00f1os ocasionados y asistencia directaen el proceso de recuperaci\u00f3n de la ciudad. Todas las \u00e1reas del Gobierno Nacional permanecer\u00e1n abocadas, junto al municipio de Bah\u00eda Blanca y la Provincia de Buenos Aires, a la asistencia de los damnificados en este momento de dolor para todos los argentinos\u201d, cerr\u00f3 el comunicado.<\/p>\n<p class=\"paragraph\" data-mrf-recirculation=\"Links inline\">Debido a esta situaci\u00f3n en la ciudad del sur bonaerense, el Presidente suspendi\u00f3 un viaje que ten\u00eda previsto a Mendoza y se qued\u00f3 en la Quinta de Olivos monitoreando los acontecimientos.<\/p>\n<p class=\"paragraph\" data-mrf-recirculation=\"Links inline\">Por otra parte, este domingo continu\u00f3 la b\u00fasqueda de\u00a0Delfina y Pilar Hecker, dos ni\u00f1as de uno y cinco a\u00f1os que fueron arrastradas por la corriente durante\u00a0el fuerte temporal que afect\u00f3 a\u00a0Bah\u00eda Blanca, que dej\u00f3 un saldo de al menos\u00a016 muertos\u00a0y m\u00e1s de 100 desaparecidos.<\/p>\n<p class=\"paragraph\" data-mrf-recirculation=\"Links inline\">Las nenas\u00a0viajaban con sus padres rumbo a la casa de unos parientes en Mayor Buratovich, con el objetivo de resguardarse de las tormentas. Sin embargo, en plena Ruta 3,\u00a0el auto\u00a0conducido por Andr\u00e9s Hecker, padre de las menores,\u00a0qued\u00f3 atrapado en el agua y fue arrastrado.<\/p>\n<p data-mrf-recirculation=\"Links inline\">La situaci\u00f3n conmovi\u00f3 a todo el pa\u00eds e incluso el capit\u00e1n de la Selecci\u00f3n Argentina y actual delantero del Inter Miami,\u00a0Lionel Messi, envi\u00f3 sus condolencias a las v\u00edctimas.<\/p>\n<p data-mrf-recirculation=\"Links inline\">\u201cEstamos siguiendo con tristeza lo que est\u00e1 pasando en Bah\u00eda Blanca. Mis condolencias a las familias que perdieron a sus seres queridos y mucha fuerza para todos los que la est\u00e1n pasando mal en este momento tan dif\u00edcil\u201d, escribi\u00f3 en su cuenta de Instagram quien es uno de los mejores jugadores de f\u00fatbol de la historia.<\/p>\n<p data-mrf-recirculation=\"Links inline\">Fuente: Infobae<\/p>\n<p data-mrf-recirculation=\"Links inline\"><img loading=\"lazy\" decoding=\"async\" class=\"alignnone size-full wp-image-83578\" src=\"https:\/\/vocesparalelas.com.ar\/sitio\/wp-content\/uploads\/2025\/03\/BAHIA-BLANCA-TEMPORAL.jpg\" alt=\"\" width=\"800\" height=\"450\" srcset=\"https:\/\/vocesparalelas.com.ar\/sitio\/wp-content\/uploads\/2025\/03\/BAHIA-BLANCA-TEMPORAL.jpg 800w, https:\/\/vocesparalelas.com.ar\/sitio\/wp-content\/uploads\/2025\/03\/BAHIA-BLANCA-TEMPORAL-300x169.jpg 300w, https:\/\/vocesparalelas.com.ar\/sitio\/wp-content\/uploads\/2025\/03\/BAHIA-BLANCA-TEMPORAL-768x432.jpg 768w\" sizes=\"auto, (max-width: 800px) 100vw, 800px\" \/><\/p>\n","protected":false},"excerpt":{"rendered":"<p>En medio de los operativos de emergencia tras el masivo temporal en Bah\u00eda Blanca que hasta el momento dej\u00f3 16<\/p>\n","protected":false},"author":3,"featured_media":83577,"comment_status":"closed","ping_status":"closed","sticky":false,"template":"","format":"standard","meta":{"_acf_changed":false,"_seopress_robots_primary_cat":"none","_seopress_titles_title":"","_seopress_titles_desc":"","_seopress_robots_index":"","colormag_page_container_layout":"default_layout","colormag_page_sidebar_layout":"default_layout","footnotes":""},"categories":[10],"tags":[],"class_list":["post-83574","post","type-post","status-publish","format-standard","has-post-thumbnail","hentry","category-opiniones"],"acf":[],"_links":{"self":[{"href":"https:\/\/vocesparalelas.com.ar\/sitio\/wp-json\/wp\/v2\/posts\/83574","targetHints":{"allow":["GET"]}}],"collection":[{"href":"https:\/\/vocesparalelas.com.ar\/sitio\/wp-json\/wp\/v2\/posts"}],"about":[{"href":"https:\/\/vocesparalelas.com.ar\/sitio\/wp-json\/wp\/v2\/types\/post"}],"author":[{"embeddable":true,"href":"https:\/\/vocesparalelas.com.ar\/sitio\/wp-json\/wp\/v2\/users\/3"}],"replies":[{"embeddable":true,"href":"https:\/\/vocesparalelas.com.ar\/sitio\/wp-json\/wp\/v2\/comments?post=83574"}],"version-history":[{"count":1,"href":"https:\/\/vocesparalelas.com.ar\/sitio\/wp-json\/wp\/v2\/posts\/83574\/revisions"}],"predecessor-version":[{"id":83579,"href":"https:\/\/vocesparalelas.com.ar\/sitio\/wp-json\/wp\/v2\/posts\/83574\/revisions\/83579"}],"wp:featuredmedia":[{"embeddable":true,"href":"https:\/\/vocesparalelas.com.ar\/sitio\/wp-json\/wp\/v2\/media\/83577"}],"wp:attachment":[{"href":"https:\/\/vocesparalelas.com.ar\/sitio\/wp-json\/wp\/v2\/media?parent=83574"}],"wp:term":[{"taxonomy":"category","embeddable":true,"href":"https:\/\/vocesparalelas.com.ar\/sitio\/wp-json\/wp\/v2\/categories?post=83574"},{"taxonomy":"post_tag","embeddable":true,"href":"https:\/\/vocesparalelas.com.ar\/sitio\/wp-json\/wp\/v2\/tags?post=83574"}],"curies":[{"name":"wp","href":"https:\/\/api.w.org\/{rel}","templated":true}]}}