{"id":83537,"date":"2025-03-07T20:54:29","date_gmt":"2025-03-07T23:54:29","guid":{"rendered":"https:\/\/vocesparalelas.com.ar\/sitio\/?p=83537"},"modified":"2025-03-08T20:41:44","modified_gmt":"2025-03-08T23:41:44","slug":"este-8m-nos-cuidamos-entre-todas-en-rivadavia","status":"publish","type":"post","link":"https:\/\/vocesparalelas.com.ar\/sitio\/este-8m-nos-cuidamos-entre-todas-en-rivadavia\/","title":{"rendered":"\u00abEste 8M nos cuidamos entre todas\u00bb en Rivadavia"},"content":{"rendered":"<p>El S\u00e1bado, 08 de Marzo, a las 20 hs.; en el Parque de Rivadavia, en el D\u00eda Internacional de la Mujer, ven\u00ed a celebrar tu bienestar con actividades de prevenci\u00f3n y cuidadas pensadas especialmente para vos en colaboraci\u00f3n con el Hospital Dra. Julieta Lanteri.<\/p>\n<p><strong><span style=\"color: #ff00ff;\">Circuito de Salud<\/span><\/strong><\/p>\n<ul>\n<li>Ginecolog\u00eda<\/li>\n<li>Vacunaci\u00f3n (Calendario Completo: ni\u00f1as, adolescentes y mujeres)<\/li>\n<li>Consejer\u00eda en Violencia Obst\u00e9trica y Contra la Libertad Reproductiva<\/li>\n<li>Test R\u00e1pido (VIH, S\u00edfilis, Hepatitis Virales)<\/li>\n<li>Dispositivos de G\u00e9nero, Ni\u00f1ez y Consumo Problem\u00e1tico<\/li>\n<li>Salud Mental<\/li>\n<li>Asesoramiento Inclusivo<\/li>\n<li>Discapacidad<\/li>\n<li>Mujeres Mayores<\/li>\n<li>Kinesiolog\u00eda<\/li>\n<li>Enfermer\u00eda<\/li>\n<\/ul>\n<p style=\"text-align: center;\">\u00a1Somos energ\u00eda femenina!<\/p>\n<p>&nbsp;<\/p>\n<p><img loading=\"lazy\" decoding=\"async\" class=\"alignnone size-full wp-image-66896\" src=\"https:\/\/vocesparalelas.com.ar\/sitio\/wp-content\/uploads\/2023\/12\/RIVADAVIA-LOGO-NUEVO.jpg\" alt=\"\" width=\"800\" height=\"533\" srcset=\"https:\/\/vocesparalelas.com.ar\/sitio\/wp-content\/uploads\/2023\/12\/RIVADAVIA-LOGO-NUEVO.jpg 800w, https:\/\/vocesparalelas.com.ar\/sitio\/wp-content\/uploads\/2023\/12\/RIVADAVIA-LOGO-NUEVO-300x200.jpg 300w, https:\/\/vocesparalelas.com.ar\/sitio\/wp-content\/uploads\/2023\/12\/RIVADAVIA-LOGO-NUEVO-768x512.jpg 768w\" sizes=\"auto, (max-width: 800px) 100vw, 800px\" \/><\/p>\n","protected":false},"excerpt":{"rendered":"<p>El S\u00e1bado, 08 de Marzo, a las 20 hs.; en el Parque de Rivadavia, en el D\u00eda Internacional de la<\/p>\n","protected":false},"author":3,"featured_media":34847,"comment_status":"closed","ping_status":"closed","sticky":false,"template":"","format":"standard","meta":{"_acf_changed":false,"_seopress_robots_primary_cat":"none","_seopress_titles_title":"","_seopress_titles_desc":"","_seopress_robots_index":"","colormag_page_container_layout":"default_layout","colormag_page_sidebar_layout":"default_layout","footnotes":""},"categories":[6],"tags":[],"class_list":["post-83537","post","type-post","status-publish","format-standard","has-post-thumbnail","hentry","category-eventos"],"acf":[],"_links":{"self":[{"href":"https:\/\/vocesparalelas.com.ar\/sitio\/wp-json\/wp\/v2\/posts\/83537","targetHints":{"allow":["GET"]}}],"collection":[{"href":"https:\/\/vocesparalelas.com.ar\/sitio\/wp-json\/wp\/v2\/posts"}],"about":[{"href":"https:\/\/vocesparalelas.com.ar\/sitio\/wp-json\/wp\/v2\/types\/post"}],"author":[{"embeddable":true,"href":"https:\/\/vocesparalelas.com.ar\/sitio\/wp-json\/wp\/v2\/users\/3"}],"replies":[{"embeddable":true,"href":"https:\/\/vocesparalelas.com.ar\/sitio\/wp-json\/wp\/v2\/comments?post=83537"}],"version-history":[{"count":1,"href":"https:\/\/vocesparalelas.com.ar\/sitio\/wp-json\/wp\/v2\/posts\/83537\/revisions"}],"predecessor-version":[{"id":83540,"href":"https:\/\/vocesparalelas.com.ar\/sitio\/wp-json\/wp\/v2\/posts\/83537\/revisions\/83540"}],"wp:featuredmedia":[{"embeddable":true,"href":"https:\/\/vocesparalelas.com.ar\/sitio\/wp-json\/wp\/v2\/media\/34847"}],"wp:attachment":[{"href":"https:\/\/vocesparalelas.com.ar\/sitio\/wp-json\/wp\/v2\/media?parent=83537"}],"wp:term":[{"taxonomy":"category","embeddable":true,"href":"https:\/\/vocesparalelas.com.ar\/sitio\/wp-json\/wp\/v2\/categories?post=83537"},{"taxonomy":"post_tag","embeddable":true,"href":"https:\/\/vocesparalelas.com.ar\/sitio\/wp-json\/wp\/v2\/tags?post=83537"}],"curies":[{"name":"wp","href":"https:\/\/api.w.org\/{rel}","templated":true}]}}