{"id":83532,"date":"2025-03-07T18:47:03","date_gmt":"2025-03-07T21:47:03","guid":{"rendered":"https:\/\/vocesparalelas.com.ar\/sitio\/?p=83532"},"modified":"2025-03-10T11:09:26","modified_gmt":"2025-03-10T14:09:26","slug":"sin-respuesta-del-gobierno-de-san-juan-udap-convoca-paro-por-48-hs-de-los-docentes","status":"publish","type":"post","link":"https:\/\/vocesparalelas.com.ar\/sitio\/sin-respuesta-del-gobierno-de-san-juan-udap-convoca-paro-por-48-hs-de-los-docentes\/","title":{"rendered":"Sin respuesta del Gobierno de San Juan UDAP convoca \u00abParo por 48 hs\u00bb de los Docentes"},"content":{"rendered":"<p>El Secretariado Ejecutivo de la Uni\u00f3n Docentes Agremiados Provinciales &#8211; UDAP &#8211; San Juan informa a los Docentes de los diferentes niveles y modalidades que seg\u00fan lo resuelto en Plenario de Delegados el 5 de Marzo:<\/p>\n<ul>\n<li>En caso de no tener una apertura de paritaria salarial, se convoca la medida de fuerza con el Paro de 48 horas, el Mi\u00e9rcoles, 12 y Jueves, 13 de Marzo.<\/li>\n<\/ul>\n<p>La concentraci\u00f3n para ambos d\u00edas es en el Centro C\u00edvico, a las 9 hs, para realizar un abrazo simb\u00f3lico en defensa de los derechos salariales y de la educaci\u00f3n p\u00fablica.<\/p>\n<p>Solicitan a las autoridades una respuesta a los reclamos y reiteran el compromiso con la lucha por condiciones dignas para la educaci\u00f3n y sus trabajadores.<\/p>\n<p>Mantenerse atentos y en comunicaci\u00f3n constante con sus Delegados Escolares.<\/p>\n<p>Es importante recordar que la informaci\u00f3n es comunicada a trav\u00e9s de los Delegados de UDAP y redes oficiales<\/p>\n<p><img loading=\"lazy\" decoding=\"async\" class=\"alignnone size-full wp-image-54427\" src=\"https:\/\/vocesparalelas.com.ar\/sitio\/wp-content\/uploads\/2022\/11\/UDAP-FRENTE-01.jpg\" alt=\"\" width=\"800\" height=\"600\" srcset=\"https:\/\/vocesparalelas.com.ar\/sitio\/wp-content\/uploads\/2022\/11\/UDAP-FRENTE-01.jpg 800w, https:\/\/vocesparalelas.com.ar\/sitio\/wp-content\/uploads\/2022\/11\/UDAP-FRENTE-01-300x225.jpg 300w, https:\/\/vocesparalelas.com.ar\/sitio\/wp-content\/uploads\/2022\/11\/UDAP-FRENTE-01-768x576.jpg 768w\" sizes=\"auto, (max-width: 800px) 100vw, 800px\" \/><\/p>\n<p>&nbsp;<\/p>\n","protected":false},"excerpt":{"rendered":"<p>El Secretariado Ejecutivo de la Uni\u00f3n Docentes Agremiados Provinciales &#8211; UDAP &#8211; San Juan informa a los Docentes de los<\/p>\n","protected":false},"author":3,"featured_media":83255,"comment_status":"closed","ping_status":"closed","sticky":false,"template":"","format":"standard","meta":{"_acf_changed":false,"_seopress_robots_primary_cat":"none","_seopress_titles_title":"","_seopress_titles_desc":"","_seopress_robots_index":"","colormag_page_container_layout":"default_layout","colormag_page_sidebar_layout":"default_layout","footnotes":""},"categories":[2],"tags":[],"class_list":["post-83532","post","type-post","status-publish","format-standard","has-post-thumbnail","hentry","category-convocatorias"],"acf":[],"_links":{"self":[{"href":"https:\/\/vocesparalelas.com.ar\/sitio\/wp-json\/wp\/v2\/posts\/83532","targetHints":{"allow":["GET"]}}],"collection":[{"href":"https:\/\/vocesparalelas.com.ar\/sitio\/wp-json\/wp\/v2\/posts"}],"about":[{"href":"https:\/\/vocesparalelas.com.ar\/sitio\/wp-json\/wp\/v2\/types\/post"}],"author":[{"embeddable":true,"href":"https:\/\/vocesparalelas.com.ar\/sitio\/wp-json\/wp\/v2\/users\/3"}],"replies":[{"embeddable":true,"href":"https:\/\/vocesparalelas.com.ar\/sitio\/wp-json\/wp\/v2\/comments?post=83532"}],"version-history":[{"count":2,"href":"https:\/\/vocesparalelas.com.ar\/sitio\/wp-json\/wp\/v2\/posts\/83532\/revisions"}],"predecessor-version":[{"id":83536,"href":"https:\/\/vocesparalelas.com.ar\/sitio\/wp-json\/wp\/v2\/posts\/83532\/revisions\/83536"}],"wp:featuredmedia":[{"embeddable":true,"href":"https:\/\/vocesparalelas.com.ar\/sitio\/wp-json\/wp\/v2\/media\/83255"}],"wp:attachment":[{"href":"https:\/\/vocesparalelas.com.ar\/sitio\/wp-json\/wp\/v2\/media?parent=83532"}],"wp:term":[{"taxonomy":"category","embeddable":true,"href":"https:\/\/vocesparalelas.com.ar\/sitio\/wp-json\/wp\/v2\/categories?post=83532"},{"taxonomy":"post_tag","embeddable":true,"href":"https:\/\/vocesparalelas.com.ar\/sitio\/wp-json\/wp\/v2\/tags?post=83532"}],"curies":[{"name":"wp","href":"https:\/\/api.w.org\/{rel}","templated":true}]}}