{"id":83511,"date":"2025-03-07T19:30:34","date_gmt":"2025-03-07T22:30:34","guid":{"rendered":"https:\/\/vocesparalelas.com.ar\/sitio\/?p=83511"},"modified":"2025-03-10T12:18:50","modified_gmt":"2025-03-10T15:18:50","slug":"beneficios-del-programa-adulto-mayor-de-la-osp-de-san-juan","status":"publish","type":"post","link":"https:\/\/vocesparalelas.com.ar\/sitio\/beneficios-del-programa-adulto-mayor-de-la-osp-de-san-juan\/","title":{"rendered":"Beneficios del Programa Adulto Mayor de la OSP de San Juan"},"content":{"rendered":"<p>El Programa Adulto Mayor &#8211; PAM &#8211; de la Obra Social\u00a0Provincia del Ministerio de Salud del Gobierno de San Juan invita a los afiliados comprometidos con su bienestar a sumarse a sus actividades.<\/p>\n<p>En la sede de Capital, un total de 350 personas forman parte del programa, organizados en seis grupos que realizan actividad f\u00edsica guiados por una profesora de educaci\u00f3n f\u00edsica y una kinesi\u00f3loga.<\/p>\n<p>Adem\u00e1s, los Jueves se desarrollan los talleres opcionales de psicolog\u00eda y nutrici\u00f3n, en los que est\u00e1n inscriptos alrededor de 100 participantes.<\/p>\n<p>Por su parte, en la sede de Pocito, 60 afiliados asisten a las actividades del programa los Martes y Jueves, sum\u00e1ndose a esta propuesta integral de promoci\u00f3n de la salud y el bienestar.<\/p>\n<p><span style=\"color: #ff6600;\"><strong>Actividades del Programa Adulto Mayor<\/strong><\/span><\/p>\n<p>El Programa est\u00e1 dise\u00f1ado para mejorar la calidad de vida de sus participantes a trav\u00e9s de actividades adaptadas a sus necesidades, promoviendo el bienestar f\u00edsico, mental y emocional. Entre las principales actividades se encuentran:<\/p>\n<ul>\n<li><span style=\"color: #ff6600;\"><strong>Actividades Kinesiol\u00f3gicas:<\/strong> <\/span>Mejora de la movilidad y fortalecimiento muscular para un cuerpo activo y saludable.<\/li>\n<li><span style=\"color: #ff6600;\"><strong>Actividades Recreativas:<\/strong> <\/span>Espacios de disfrute y socializaci\u00f3n que fortalecen el estado emocional.<\/li>\n<li><span style=\"color: #ff6600;\"><strong>Actividades F\u00edsicas:<\/strong><\/span> Ejercicios adaptados que ayudan a prevenir enfermedades como diabetes tipo II, problemas cardiovasculares y osteoporosis, adem\u00e1s de contribuir al tratamiento de la artritis, ansiedad y depresi\u00f3n.<\/li>\n<li><span style=\"color: #ff6600;\"><strong>Taller de Memoria:<\/strong><\/span>\u00a0Estimulaci\u00f3n cognitiva para fortalecer la memoria y mantener la agilidad mental.<\/li>\n<\/ul>\n<p><span style=\"color: #ff6600;\"><strong>\u00bfPor qu\u00e9 adherirse al PAM?<\/strong><\/span><\/p>\n<p>Ser parte del PAM significa acceder a una oportunidad \u00fanica para\u00a0sentirse mejor, vivir m\u00e1s tiempo y desacelerar el proceso de envejecimiento. Las actividades est\u00e1n a cargo de un equipo profesional de\u00a0Educaci\u00f3n F\u00edsica, Gerontolog\u00eda, Recreaci\u00f3n y Kinesiolog\u00eda, garantizando pr\u00e1cticas seguras y beneficiosas para los afiliados, sin importar su edad.<\/p>\n<p>&nbsp;<\/p>\n<p><img loading=\"lazy\" decoding=\"async\" class=\"alignnone size-large wp-image-10321\" src=\"https:\/\/vocesparalelas.com.ar\/sitio\/wp-content\/uploads\/2018\/02\/OSP-EDIFICIO-10-800x534.jpg\" alt=\"\" width=\"800\" height=\"534\" srcset=\"https:\/\/vocesparalelas.com.ar\/sitio\/wp-content\/uploads\/2018\/02\/OSP-EDIFICIO-10-800x534.jpg 800w, https:\/\/vocesparalelas.com.ar\/sitio\/wp-content\/uploads\/2018\/02\/OSP-EDIFICIO-10-300x200.jpg 300w, https:\/\/vocesparalelas.com.ar\/sitio\/wp-content\/uploads\/2018\/02\/OSP-EDIFICIO-10-768x512.jpg 768w, https:\/\/vocesparalelas.com.ar\/sitio\/wp-content\/uploads\/2018\/02\/OSP-EDIFICIO-10.jpg 1000w\" sizes=\"auto, (max-width: 800px) 100vw, 800px\" \/><\/p>\n","protected":false},"excerpt":{"rendered":"<p>El Programa Adulto Mayor &#8211; PAM &#8211; de la Obra Social\u00a0Provincia del Ministerio de Salud del Gobierno de San Juan<\/p>\n","protected":false},"author":3,"featured_media":60824,"comment_status":"closed","ping_status":"closed","sticky":false,"template":"","format":"standard","meta":{"_acf_changed":false,"_seopress_robots_primary_cat":"none","_seopress_titles_title":"","_seopress_titles_desc":"","_seopress_robots_index":"","colormag_page_container_layout":"default_layout","colormag_page_sidebar_layout":"default_layout","footnotes":""},"categories":[2],"tags":[],"class_list":["post-83511","post","type-post","status-publish","format-standard","has-post-thumbnail","hentry","category-convocatorias"],"acf":[],"_links":{"self":[{"href":"https:\/\/vocesparalelas.com.ar\/sitio\/wp-json\/wp\/v2\/posts\/83511","targetHints":{"allow":["GET"]}}],"collection":[{"href":"https:\/\/vocesparalelas.com.ar\/sitio\/wp-json\/wp\/v2\/posts"}],"about":[{"href":"https:\/\/vocesparalelas.com.ar\/sitio\/wp-json\/wp\/v2\/types\/post"}],"author":[{"embeddable":true,"href":"https:\/\/vocesparalelas.com.ar\/sitio\/wp-json\/wp\/v2\/users\/3"}],"replies":[{"embeddable":true,"href":"https:\/\/vocesparalelas.com.ar\/sitio\/wp-json\/wp\/v2\/comments?post=83511"}],"version-history":[{"count":1,"href":"https:\/\/vocesparalelas.com.ar\/sitio\/wp-json\/wp\/v2\/posts\/83511\/revisions"}],"predecessor-version":[{"id":83515,"href":"https:\/\/vocesparalelas.com.ar\/sitio\/wp-json\/wp\/v2\/posts\/83511\/revisions\/83515"}],"wp:featuredmedia":[{"embeddable":true,"href":"https:\/\/vocesparalelas.com.ar\/sitio\/wp-json\/wp\/v2\/media\/60824"}],"wp:attachment":[{"href":"https:\/\/vocesparalelas.com.ar\/sitio\/wp-json\/wp\/v2\/media?parent=83511"}],"wp:term":[{"taxonomy":"category","embeddable":true,"href":"https:\/\/vocesparalelas.com.ar\/sitio\/wp-json\/wp\/v2\/categories?post=83511"},{"taxonomy":"post_tag","embeddable":true,"href":"https:\/\/vocesparalelas.com.ar\/sitio\/wp-json\/wp\/v2\/tags?post=83511"}],"curies":[{"name":"wp","href":"https:\/\/api.w.org\/{rel}","templated":true}]}}