{"id":83488,"date":"2025-03-07T13:58:30","date_gmt":"2025-03-07T16:58:30","guid":{"rendered":"https:\/\/vocesparalelas.com.ar\/sitio\/?p=83488"},"modified":"2025-03-09T21:12:50","modified_gmt":"2025-03-10T00:12:50","slug":"inscripcion-complementaria-para-interinatos-y-suplencias-2025-de-la-junta-de-clasificacion-docente-rama-primaria-de-san-juan","status":"publish","type":"post","link":"https:\/\/vocesparalelas.com.ar\/sitio\/inscripcion-complementaria-para-interinatos-y-suplencias-2025-de-la-junta-de-clasificacion-docente-rama-primaria-de-san-juan\/","title":{"rendered":"Inscripci\u00f3n Complementaria para Interinatos y Suplencias 2025 de la Junta de Clasificaci\u00f3n Docente Rama Primaria de San Juan"},"content":{"rendered":"<p>El Ministerio de Educaci\u00f3n del Gobierno de San Juan convoca, a trav\u00e9s de la Junta de Clasificaci\u00f3n Docente Rama Primaria, a la inscripci\u00f3n complementaria a interinatos y suplencias 2025 a fin de cubrir cargos interinos y suplentes en todas las especialidades del primer grado del escalaf\u00f3n docente.<\/p>\n<p>La inscripci\u00f3n se desarrolla desde el 17 de Marzo hasta el 4 de Abril de 2025, inclusive.<\/p>\n<p>Mediante Resoluci\u00f3n N\u00ba 3169-ME-2025, la Junta de Clasificaci\u00f3n Docente Rama Primaria convoca a los docentes que hubieran obtenido su t\u00edtulo desde el mes de Julio de 2024 hasta el 31 de Marzo de 2025, y a los aspirantes que prueben fehacientemente haber estado fuera de la provincia a la fecha de inscripci\u00f3n mencionada, y en tanto re\u00fanan los requisitos exigidos por la normativa legal vigente; a efectuar la solicitud de turno de manera on line en<\/p>\n<p><a href=\"https:\/\/educacion.sanjuan.gob.ar\/?uid=frame-https:\/\/archivoseducacion.sanjuan.gob.ar\/educacion\/consultas.html?c=juntas\">https:\/\/educacion.sanjuan.gob.ar\/?uid=frame-https:\/\/archivoseducacion.sanjuan.gob.ar\/educacion\/consultas.html?c=juntas<\/a><\/p>\n<p>&nbsp;<\/p>\n<p>para la inscripci\u00f3n complementaria a interinatos y suplencias 2025, por antecedentes y m\u00e9ritos, a fin de cubrir cargos interinos y suplentes en las especialidades del primer grado del escalaf\u00f3n docente.<\/p>\n<p>Al momento de la inscripci\u00f3n, los docentes deber\u00e1n acreditar la siguiente documentaci\u00f3n en una carpeta tipo bibliorato oficio (lomo angosto):<\/p>\n<ul>\n<li>Constancia de turno impresa.<\/li>\n<li>DNI o certificaci\u00f3n de DNI en tr\u00e1mite.<\/li>\n<li>Declaraci\u00f3n Jurada de Cargos (firmada por el docente y\/o la autoridad competente en Educaci\u00f3n Privada, u otros organismos p\u00fablicos).<\/li>\n<li>Copia legalizada del o los t\u00edtulos registrado\/s por la Oficina de T\u00edtulos y Legalizaciones \u2013y\/o t\u00edtulos o documentaci\u00f3n que resultan de la implementaci\u00f3n de la Resoluci\u00f3n CFE N\u00b0 440-23- o Certificado de T\u00edtulo en tr\u00e1mite o certificado donde conste de que ha aprobado y culminado la carrera respectiva, en la cual debe constar promedio general de la carrera y fecha de egreso, debidamente rubricado por la Instituci\u00f3n que lo otorga o en su defecto fotocopia del libro matriz rubricado por la instituci\u00f3n donde figure fecha de egreso y promedio.<\/li>\n<li>Copia de los certificados legalizados por la Oficina de T\u00edtulos y Legalizaciones y fotocopias de constancias de su actuaci\u00f3n profesional hasta el 4 de abril del 2025 legalizada por la autoridad superior.<\/li>\n<\/ul>\n<p>La inscripci\u00f3n se realiza en la Junta de Clasificaci\u00f3n Docente, Tucum\u00e1n 75 &#8211; N &#8211; , Capital, de acuerdo al d\u00eda y horario obtenido en<\/p>\n<p><a href=\"https:\/\/educacion.sanjuan.gob.ar\/\">https:\/\/educacion.sanjuan.gob.ar\/<\/a><\/p>\n<p>en la P\u00e1gina Web del Ministerio de Educaci\u00f3n del Gobierno de San Juan.<\/p>\n<p><img loading=\"lazy\" decoding=\"async\" class=\"alignnone size-full wp-image-28629\" src=\"https:\/\/vocesparalelas.com.ar\/sitio\/wp-content\/uploads\/2020\/05\/MINISTERIO-EDUCACION-SJ.jpg\" alt=\"\" width=\"800\" height=\"533\" srcset=\"https:\/\/vocesparalelas.com.ar\/sitio\/wp-content\/uploads\/2020\/05\/MINISTERIO-EDUCACION-SJ.jpg 800w, https:\/\/vocesparalelas.com.ar\/sitio\/wp-content\/uploads\/2020\/05\/MINISTERIO-EDUCACION-SJ-300x200.jpg 300w, https:\/\/vocesparalelas.com.ar\/sitio\/wp-content\/uploads\/2020\/05\/MINISTERIO-EDUCACION-SJ-768x512.jpg 768w\" sizes=\"auto, (max-width: 800px) 100vw, 800px\" \/><\/p>\n","protected":false},"excerpt":{"rendered":"<p>El Ministerio de Educaci\u00f3n del Gobierno de San Juan convoca, a trav\u00e9s de la Junta de Clasificaci\u00f3n Docente Rama Primaria,<\/p>\n","protected":false},"author":3,"featured_media":5000,"comment_status":"closed","ping_status":"closed","sticky":false,"template":"","format":"standard","meta":{"_acf_changed":false,"_seopress_robots_primary_cat":"none","_seopress_titles_title":"","_seopress_titles_desc":"","_seopress_robots_index":"","colormag_page_container_layout":"default_layout","colormag_page_sidebar_layout":"default_layout","footnotes":""},"categories":[5],"tags":[],"class_list":["post-83488","post","type-post","status-publish","format-standard","has-post-thumbnail","hentry","category-ofrecimientos"],"acf":[],"_links":{"self":[{"href":"https:\/\/vocesparalelas.com.ar\/sitio\/wp-json\/wp\/v2\/posts\/83488","targetHints":{"allow":["GET"]}}],"collection":[{"href":"https:\/\/vocesparalelas.com.ar\/sitio\/wp-json\/wp\/v2\/posts"}],"about":[{"href":"https:\/\/vocesparalelas.com.ar\/sitio\/wp-json\/wp\/v2\/types\/post"}],"author":[{"embeddable":true,"href":"https:\/\/vocesparalelas.com.ar\/sitio\/wp-json\/wp\/v2\/users\/3"}],"replies":[{"embeddable":true,"href":"https:\/\/vocesparalelas.com.ar\/sitio\/wp-json\/wp\/v2\/comments?post=83488"}],"version-history":[{"count":1,"href":"https:\/\/vocesparalelas.com.ar\/sitio\/wp-json\/wp\/v2\/posts\/83488\/revisions"}],"predecessor-version":[{"id":83491,"href":"https:\/\/vocesparalelas.com.ar\/sitio\/wp-json\/wp\/v2\/posts\/83488\/revisions\/83491"}],"wp:featuredmedia":[{"embeddable":true,"href":"https:\/\/vocesparalelas.com.ar\/sitio\/wp-json\/wp\/v2\/media\/5000"}],"wp:attachment":[{"href":"https:\/\/vocesparalelas.com.ar\/sitio\/wp-json\/wp\/v2\/media?parent=83488"}],"wp:term":[{"taxonomy":"category","embeddable":true,"href":"https:\/\/vocesparalelas.com.ar\/sitio\/wp-json\/wp\/v2\/categories?post=83488"},{"taxonomy":"post_tag","embeddable":true,"href":"https:\/\/vocesparalelas.com.ar\/sitio\/wp-json\/wp\/v2\/tags?post=83488"}],"curies":[{"name":"wp","href":"https:\/\/api.w.org\/{rel}","templated":true}]}}