{"id":83477,"date":"2025-03-07T13:01:30","date_gmt":"2025-03-07T16:01:30","guid":{"rendered":"https:\/\/vocesparalelas.com.ar\/sitio\/?p=83477"},"modified":"2025-03-09T15:17:33","modified_gmt":"2025-03-09T18:17:33","slug":"san-juan-ambiental-libero-un-aguila-coronada-rescatada-curada-y-rehabilitada","status":"publish","type":"post","link":"https:\/\/vocesparalelas.com.ar\/sitio\/san-juan-ambiental-libero-un-aguila-coronada-rescatada-curada-y-rehabilitada\/","title":{"rendered":"San Juan Ambiental liber\u00f3 un \u00c1guila Coronada rescatada, curada y rehabilitada"},"content":{"rendered":"<p>Tras un arduo proceso de rehabilitaci\u00f3n, el ejemplar \u00c1guila Coronada rescatado en el 2023, Departamento Iglesia fue liberada este jueves. Dotada de un chaleco satelital, su liberaci\u00f3n permitir\u00e1 monitorear su adaptaci\u00f3n y promover la conservaci\u00f3n de esta especie en peligro de extinci\u00f3n.<\/p>\n<p>El Jueves, 06 de Marzo de 2025, San Juan fue testigo de un importante hito en la conservaci\u00f3n de la fauna silvestre: la liberaci\u00f3n de un ejemplar hembra de \u00c1guila Coronada &#8211; Buteogallus coronatus &#8211; en el departamento Sarmiento.<\/p>\n<p>La ave rapaz, una de las m\u00e1s amenazadas de Sudam\u00e9rica, fue rescatada el 19 de Mayo de 2023, en la Localidad de Rodeo, departamento Iglesia, tras haber sufrido heridas por disparos.<\/p>\n<p>El ave fue atendida en primera instancia en la veterinaria El Arca, en la ciudad de San Juan, y posteriormente trasladada a Buenos Aires con la intervenci\u00f3n de la Fundaci\u00f3n Cabure\u00ed y el Ecoparque. Recibi\u00f3 atenci\u00f3n especializada, fue intervenida quir\u00fargicamente y sometida a un exhaustivo tratamiento para contrarrestar una intoxicaci\u00f3n por plomo. Luego, fue derivada a la Provincia de Mendoza, donde complet\u00f3 su rehabilitaci\u00f3n en la Fundaci\u00f3n SOS Acci\u00f3n Salvaje. En un ambiente controlado y sin presencia humana, la \u00e1guila Coronada recuper\u00f3 sus habilidades de vuelo y caza.<\/p>\n<p>Finalmente, con su regreso a la Provincia de San Juan, la \u00c1guila Coronada fue liberada en su h\u00e1bitat natural equipada con un chaleco satelital, lo que permitir\u00e1 a los especialistas monitorear su adaptaci\u00f3n y comportamiento en libertad.<\/p>\n<p><iframe loading=\"lazy\" title=\"SAN JUAN AMBIENTAL \u00c1GUILA CORONADA\" width=\"800\" height=\"450\" src=\"https:\/\/www.youtube.com\/embed\/yHPPr2FZ8jo?feature=oembed\" frameborder=\"0\" allow=\"accelerometer; autoplay; clipboard-write; encrypted-media; gyroscope; picture-in-picture; web-share\" referrerpolicy=\"strict-origin-when-cross-origin\" allowfullscreen><\/iframe><\/p>\n<p>Esta acci\u00f3n form\u00f3 parte del Programa de Conservaci\u00f3n de \u00c1guila Coronada en Argentina, una iniciativa que cont\u00f3 con la participaci\u00f3n de diversas instituciones:<\/p>\n<ul>\n<li>Ecoparque Buenos Aires,<\/li>\n<li>Fundaci\u00f3n Cabure\u00ed,<\/li>\n<li>Fundaci\u00f3n SOS Acci\u00f3n Salvaje Mendoza,<\/li>\n<li>Secretar\u00eda de Ambiente y Ordenamiento Territorial del Gobierno de Mendoza<\/li>\n<li>Secretar\u00eda de Ambiente y Desarrollo Sustentable del Gobierno de San Juan.<\/li>\n<\/ul>\n<p>Adem\u00e1s de la liberaci\u00f3n, se realiza una charla educativa en la escuela Profesor Alejandro Matus, en la Localidad La Cienaguita, Departamento Sarmiento.<\/p>\n<p>Esta actividad tiene como objetivo concientizar a los m\u00e1s peque\u00f1os sobre la importancia de conservar esta especie y proteger su h\u00e1bitat.<\/p>\n<p>El \u00e1guila Coronada, que fue bautizada como \u00abChal\u00fa\u00bb, simbolo de la esperanza de restaurar el equilibrio ecol\u00f3gico. Su nombre, inspirado en la cosmovisi\u00f3n huarpe, evoca significados como \u00abLa que abre camino\u00bb, \u00abLa mensajera del viento\u00bb y \u00abLa que regresa\u00bb, representando su vuelta a la naturaleza y la importancia de su preservaci\u00f3n.<\/p>\n<p>La liberaci\u00f3n cont\u00f3 con la participaci\u00f3n del Secretario de Ambiente Federico R\u00edos, el subsecretario de Conservaci\u00f3n Lic. Mario Santori, el director de Conservaci\u00f3n Ezequiel Salom\u00f3n, el intendente de Sarmiento Alfredo Castro, y el coordinador del Programa de Conservaci\u00f3n y Rescate de Aves Rapaces del Ecoparque Andr\u00e9s Capdevielle.<\/p>\n<p>Una vez liberada el \u00e1guila el secretario de Ambiente y Desarrollo Sustentable del Gobierno de San Juan, Dr. Federico R\u00edos, quien puntualiz\u00f3 que \u00abeste hecho es muy importante para la provincia es el resultado de un proceso que se ha venido llevando con un gran profesionalismo. La liberaci\u00f3n es el reflejo del compromiso por proteger la fauna, no solamente de la provincia de San Juan, sino de la Argentina. Por eso agradezco a las distintas instituciones de Buenos Aires, Mendoza y al intendente de la Municipalidad de Sarmiento por su trabajo\u201d.<\/p>\n<p><img loading=\"lazy\" decoding=\"async\" class=\"alignnone size-full wp-image-83480\" src=\"https:\/\/vocesparalelas.com.ar\/sitio\/wp-content\/uploads\/2025\/03\/AMBIENTE-AGUILA-01.jpg\" alt=\"\" width=\"800\" height=\"483\" srcset=\"https:\/\/vocesparalelas.com.ar\/sitio\/wp-content\/uploads\/2025\/03\/AMBIENTE-AGUILA-01.jpg 800w, https:\/\/vocesparalelas.com.ar\/sitio\/wp-content\/uploads\/2025\/03\/AMBIENTE-AGUILA-01-300x181.jpg 300w, https:\/\/vocesparalelas.com.ar\/sitio\/wp-content\/uploads\/2025\/03\/AMBIENTE-AGUILA-01-768x464.jpg 768w\" sizes=\"auto, (max-width: 800px) 100vw, 800px\" \/><\/p>\n","protected":false},"excerpt":{"rendered":"<p>Tras un arduo proceso de rehabilitaci\u00f3n, el ejemplar \u00c1guila Coronada rescatado en el 2023, Departamento Iglesia fue liberada este jueves.<\/p>\n","protected":false},"author":3,"featured_media":83481,"comment_status":"closed","ping_status":"closed","sticky":false,"template":"","format":"standard","meta":{"_acf_changed":false,"_seopress_robots_primary_cat":"none","_seopress_titles_title":"","_seopress_titles_desc":"","_seopress_robots_index":"","colormag_page_container_layout":"default_layout","colormag_page_sidebar_layout":"default_layout","footnotes":""},"categories":[6,7],"tags":[],"class_list":["post-83477","post","type-post","status-publish","format-standard","has-post-thumbnail","hentry","category-eventos","category-videos"],"acf":[],"_links":{"self":[{"href":"https:\/\/vocesparalelas.com.ar\/sitio\/wp-json\/wp\/v2\/posts\/83477","targetHints":{"allow":["GET"]}}],"collection":[{"href":"https:\/\/vocesparalelas.com.ar\/sitio\/wp-json\/wp\/v2\/posts"}],"about":[{"href":"https:\/\/vocesparalelas.com.ar\/sitio\/wp-json\/wp\/v2\/types\/post"}],"author":[{"embeddable":true,"href":"https:\/\/vocesparalelas.com.ar\/sitio\/wp-json\/wp\/v2\/users\/3"}],"replies":[{"embeddable":true,"href":"https:\/\/vocesparalelas.com.ar\/sitio\/wp-json\/wp\/v2\/comments?post=83477"}],"version-history":[{"count":2,"href":"https:\/\/vocesparalelas.com.ar\/sitio\/wp-json\/wp\/v2\/posts\/83477\/revisions"}],"predecessor-version":[{"id":83549,"href":"https:\/\/vocesparalelas.com.ar\/sitio\/wp-json\/wp\/v2\/posts\/83477\/revisions\/83549"}],"wp:featuredmedia":[{"embeddable":true,"href":"https:\/\/vocesparalelas.com.ar\/sitio\/wp-json\/wp\/v2\/media\/83481"}],"wp:attachment":[{"href":"https:\/\/vocesparalelas.com.ar\/sitio\/wp-json\/wp\/v2\/media?parent=83477"}],"wp:term":[{"taxonomy":"category","embeddable":true,"href":"https:\/\/vocesparalelas.com.ar\/sitio\/wp-json\/wp\/v2\/categories?post=83477"},{"taxonomy":"post_tag","embeddable":true,"href":"https:\/\/vocesparalelas.com.ar\/sitio\/wp-json\/wp\/v2\/tags?post=83477"}],"curies":[{"name":"wp","href":"https:\/\/api.w.org\/{rel}","templated":true}]}}