{"id":83472,"date":"2025-03-06T21:30:01","date_gmt":"2025-03-07T00:30:01","guid":{"rendered":"https:\/\/vocesparalelas.com.ar\/sitio\/?p=83472"},"modified":"2025-03-07T19:50:38","modified_gmt":"2025-03-07T22:50:38","slug":"el-plan-virtualizacion-de-educacion-superior-4-brinda-equipamiento-a-la-unsj","status":"publish","type":"post","link":"https:\/\/vocesparalelas.com.ar\/sitio\/el-plan-virtualizacion-de-educacion-superior-4-brinda-equipamiento-a-la-unsj\/","title":{"rendered":"El Plan Virtualizaci\u00f3n de Educaci\u00f3n Superior 4 brinda equipamiento a la UNSJ"},"content":{"rendered":"<p>El Mi\u00e9rcoles, 12 de Marzo, a las 9.30 hs., en el sal\u00f3n principal del Edificio Central de la Universidad Nacional de San Juan se realiza el acto de entrega de equipamientos adquiridos por Plan Virtualizaci\u00f3n de Educaci\u00f3n Superior 4 para Unidades Acad\u00e9micas e Institutos Preuniversitarios y Secretar\u00eda de Comunicaci\u00f3n de UNSJ en conjunto con el \u00c1rea de Educaci\u00f3n a Distancia.<\/p>\n<p>En el a\u00f1o 2023 la entonces Secretar\u00eda de Pol\u00edticas Universitarias lanz\u00f3 la IV convocatoria del Plan de Virtualizaci\u00f3n de la Educaci\u00f3n Superior &#8211; VES &#8211; 4 con el objetivo de fortalecer y consolidar todo el sistema universitario, ampliando y enriqueciendo las oportunidades de formaci\u00f3n de los estudiantes.<\/p>\n<p>En este marco la UNSJ present\u00f3 su proyecto de Plan VES 4 UNSJ que est\u00e1 orientado a fortalecer las condiciones institucionales que sostienen estrategias de virtualizaci\u00f3n de actividades acad\u00e9micas, de extensi\u00f3n e investigaci\u00f3n en esta Universidad.<\/p>\n<p>Esto permite favorecer el acceso a propuestas formativas de relevancia social y cultural como as\u00ed tambi\u00e9n, asegurar la permanencia y egreso de estudiantes de las distintas unidades acad\u00e9micas e institutos preuniversitarios de la UNSJ.<\/p>\n<p>El equipamiento fue solicitado por cada instituci\u00f3n educativa con base en las necesidades y demandas en procura de optimizaci\u00f3n de las aulas h\u00edbridas de las que dispone cada unidad acad\u00e9mica. Asimismo, tambi\u00e9n se espera potenciar la producci\u00f3n de materiales audiovisuales educativos.<\/p>\n<p><strong><span style=\"color: #ff6600;\">Los equipos adquiridos<\/span><\/strong><\/p>\n<ul>\n<li>C\u00e1mara de Video,<\/li>\n<li>Capturadora de Video,<\/li>\n<li>Grabadora de Video,<\/li>\n<li>Tr\u00edpode para c\u00e1mara,<\/li>\n<li>C\u00e1mara CCTV,<\/li>\n<li>PC de Escritorio,<\/li>\n<li>Monitor,<\/li>\n<li>TV 43\u00bb 4K SMART,<\/li>\n<li>Notebook,<\/li>\n<li>C\u00e1mara IP,<\/li>\n<li>Capturadora de video,<\/li>\n<li>CPU Gabinete,<\/li>\n<li>Tabletas gr\u00e1ficas,<\/li>\n<li>C\u00e1mara Perif\u00e9rica,<\/li>\n<li>Proyector, Micr\u00f3fono,<\/li>\n<li>C\u00e1mara videoconferencia,<\/li>\n<li>Smart TV 75\u00bb y Smart TV 50\u00bb<\/li>\n<\/ul>\n<p><img loading=\"lazy\" decoding=\"async\" class=\"alignnone size-full wp-image-54035\" src=\"https:\/\/vocesparalelas.com.ar\/sitio\/wp-content\/uploads\/2022\/11\/UNSJ-LOGO-10.jpg\" alt=\"\" width=\"800\" height=\"533\" srcset=\"https:\/\/vocesparalelas.com.ar\/sitio\/wp-content\/uploads\/2022\/11\/UNSJ-LOGO-10.jpg 800w, https:\/\/vocesparalelas.com.ar\/sitio\/wp-content\/uploads\/2022\/11\/UNSJ-LOGO-10-300x200.jpg 300w, https:\/\/vocesparalelas.com.ar\/sitio\/wp-content\/uploads\/2022\/11\/UNSJ-LOGO-10-768x512.jpg 768w\" sizes=\"auto, (max-width: 800px) 100vw, 800px\" \/><\/p>\n","protected":false},"excerpt":{"rendered":"<p>El Mi\u00e9rcoles, 12 de Marzo, a las 9.30 hs., en el sal\u00f3n principal del Edificio Central de la Universidad Nacional<\/p>\n","protected":false},"author":3,"featured_media":54097,"comment_status":"closed","ping_status":"closed","sticky":false,"template":"","format":"standard","meta":{"_acf_changed":false,"_seopress_robots_primary_cat":"none","_seopress_titles_title":"","_seopress_titles_desc":"","_seopress_robots_index":"","colormag_page_container_layout":"default_layout","colormag_page_sidebar_layout":"default_layout","footnotes":""},"categories":[5],"tags":[],"class_list":["post-83472","post","type-post","status-publish","format-standard","has-post-thumbnail","hentry","category-ofrecimientos"],"acf":[],"_links":{"self":[{"href":"https:\/\/vocesparalelas.com.ar\/sitio\/wp-json\/wp\/v2\/posts\/83472","targetHints":{"allow":["GET"]}}],"collection":[{"href":"https:\/\/vocesparalelas.com.ar\/sitio\/wp-json\/wp\/v2\/posts"}],"about":[{"href":"https:\/\/vocesparalelas.com.ar\/sitio\/wp-json\/wp\/v2\/types\/post"}],"author":[{"embeddable":true,"href":"https:\/\/vocesparalelas.com.ar\/sitio\/wp-json\/wp\/v2\/users\/3"}],"replies":[{"embeddable":true,"href":"https:\/\/vocesparalelas.com.ar\/sitio\/wp-json\/wp\/v2\/comments?post=83472"}],"version-history":[{"count":2,"href":"https:\/\/vocesparalelas.com.ar\/sitio\/wp-json\/wp\/v2\/posts\/83472\/revisions"}],"predecessor-version":[{"id":83525,"href":"https:\/\/vocesparalelas.com.ar\/sitio\/wp-json\/wp\/v2\/posts\/83472\/revisions\/83525"}],"wp:featuredmedia":[{"embeddable":true,"href":"https:\/\/vocesparalelas.com.ar\/sitio\/wp-json\/wp\/v2\/media\/54097"}],"wp:attachment":[{"href":"https:\/\/vocesparalelas.com.ar\/sitio\/wp-json\/wp\/v2\/media?parent=83472"}],"wp:term":[{"taxonomy":"category","embeddable":true,"href":"https:\/\/vocesparalelas.com.ar\/sitio\/wp-json\/wp\/v2\/categories?post=83472"},{"taxonomy":"post_tag","embeddable":true,"href":"https:\/\/vocesparalelas.com.ar\/sitio\/wp-json\/wp\/v2\/tags?post=83472"}],"curies":[{"name":"wp","href":"https:\/\/api.w.org\/{rel}","templated":true}]}}