{"id":83466,"date":"2025-03-06T20:46:24","date_gmt":"2025-03-06T23:46:24","guid":{"rendered":"https:\/\/vocesparalelas.com.ar\/sitio\/?p=83466"},"modified":"2025-03-08T22:43:41","modified_gmt":"2025-03-09T01:43:41","slug":"san-juan-fue-analizada-con-nuevas-exploraciones-por-la-multinacional-minera-bhp","status":"publish","type":"post","link":"https:\/\/vocesparalelas.com.ar\/sitio\/san-juan-fue-analizada-con-nuevas-exploraciones-por-la-multinacional-minera-bhp\/","title":{"rendered":"San Juan fue analizada con nuevas exploraciones por la multinacional minera BHP"},"content":{"rendered":"<p>Las autoridades de la multinacional minera le expresaron al gobernador su inter\u00e9s por iniciar nuevas exploraciones en San Juan, expandiendo as\u00ed su actividad en la provincia.<\/p>\n<p>El Mi\u00e9rcoles, 05 de Marzo y en el \u00faltimo d\u00eda de su visita a la convenci\u00f3n minera m\u00e1s importante del mundo, PDAC (Prospectors &amp; Developers Association of Canada), el gobernador de San Juan, Dr. Marcelo Orrego se reuni\u00f3 con las autoridades de la multinacional minera BHP, quienes le expresaron el inter\u00e9s de la compa\u00f1\u00eda por expandir sus actividades en San Juan mediante nuevas exploraciones en el territorio provincial.<\/p>\n<p>El encuentro se realiz\u00f3 en las oficinas que posee la empresa en Toronto y el vicepresidente de BHP, Ren\u00e9 Mugas, le confirm\u00f3 al gobernador que en los pr\u00f3ximos meses enviar\u00e1n a San Juan a sus equipos de ge\u00f3logos y exploradores para avanzar con estos posibles nuevos proyectos. Vale destacar que desde la compa\u00f1\u00eda expresaron su inter\u00e9s para que estas exploraciones ocurran ya sea de manera asociada junto a otras firmas, o incluso de forma exclusiva.<\/p>\n<p>En este sentido, el vicepresidente de BHP, Ren\u00e9 Mugas resalt\u00f3 los buenos antecedentes y la valoraci\u00f3n que tiene San Juan en el ambiente minero internacional, destacando las mejoras en los procesos administrativos vinculados a permisos que reducen la burocracia, y al compromiso del Gobierno con la miner\u00eda como pol\u00edtica de Estado.<\/p>\n<p>Por estos motivos, BHP entiende que San Juan es un lugar ideal para expandir su presencia en Argentina, atentos a que la compa\u00f1\u00eda ha puesto el foco en el cobre como uno de sus principales negocios, siendo la empresa privada productora de este mineral m\u00e1s grande del mundo. En la provincia, esta compa\u00f1\u00eda ya ha iniciado inversiones mediante el Joint Venture 50\/50 con Lundin Mining, en la recientemente creada empresa Vicu\u00f1a, propietaria de los proyectos Josemar\u00eda y Filo del Sol.<\/p>\n<p>Adem\u00e1s de Orrego y Mugas, del encuentro tambi\u00e9n participaron el ministro de Miner\u00eda, Dr. Juan Pablo Perea; el ministro de Producci\u00f3n, Trabajo e Innovaci\u00f3n, CPN Gustavo Fern\u00e1ndez; el head of CA Growth, Rodrigo Darquea; el manager of Operations Exploration, Walter Tejada; la head of Prospect Evaluation Exploration, Marian Moroney; y el lead principal Business Development, Cristian Stephens.<\/p>\n<p><img loading=\"lazy\" decoding=\"async\" class=\"alignnone size-full wp-image-83098\" src=\"https:\/\/vocesparalelas.com.ar\/sitio\/wp-content\/uploads\/2025\/02\/CANADA-PDAC-2025.png\" alt=\"\" width=\"800\" height=\"559\" srcset=\"https:\/\/vocesparalelas.com.ar\/sitio\/wp-content\/uploads\/2025\/02\/CANADA-PDAC-2025.png 800w, https:\/\/vocesparalelas.com.ar\/sitio\/wp-content\/uploads\/2025\/02\/CANADA-PDAC-2025-300x210.png 300w, https:\/\/vocesparalelas.com.ar\/sitio\/wp-content\/uploads\/2025\/02\/CANADA-PDAC-2025-768x537.png 768w, https:\/\/vocesparalelas.com.ar\/sitio\/wp-content\/uploads\/2025\/02\/CANADA-PDAC-2025-130x90.png 130w\" sizes=\"auto, (max-width: 800px) 100vw, 800px\" \/><\/p>\n","protected":false},"excerpt":{"rendered":"<p>Las autoridades de la multinacional minera le expresaron al gobernador su inter\u00e9s por iniciar nuevas exploraciones en San Juan, expandiendo<\/p>\n","protected":false},"author":3,"featured_media":83469,"comment_status":"closed","ping_status":"closed","sticky":false,"template":"","format":"standard","meta":{"_acf_changed":false,"_seopress_robots_primary_cat":"none","_seopress_titles_title":"","_seopress_titles_desc":"","_seopress_robots_index":"","colormag_page_container_layout":"default_layout","colormag_page_sidebar_layout":"default_layout","footnotes":""},"categories":[2],"tags":[],"class_list":["post-83466","post","type-post","status-publish","format-standard","has-post-thumbnail","hentry","category-convocatorias"],"acf":[],"_links":{"self":[{"href":"https:\/\/vocesparalelas.com.ar\/sitio\/wp-json\/wp\/v2\/posts\/83466","targetHints":{"allow":["GET"]}}],"collection":[{"href":"https:\/\/vocesparalelas.com.ar\/sitio\/wp-json\/wp\/v2\/posts"}],"about":[{"href":"https:\/\/vocesparalelas.com.ar\/sitio\/wp-json\/wp\/v2\/types\/post"}],"author":[{"embeddable":true,"href":"https:\/\/vocesparalelas.com.ar\/sitio\/wp-json\/wp\/v2\/users\/3"}],"replies":[{"embeddable":true,"href":"https:\/\/vocesparalelas.com.ar\/sitio\/wp-json\/wp\/v2\/comments?post=83466"}],"version-history":[{"count":2,"href":"https:\/\/vocesparalelas.com.ar\/sitio\/wp-json\/wp\/v2\/posts\/83466\/revisions"}],"predecessor-version":[{"id":83471,"href":"https:\/\/vocesparalelas.com.ar\/sitio\/wp-json\/wp\/v2\/posts\/83466\/revisions\/83471"}],"wp:featuredmedia":[{"embeddable":true,"href":"https:\/\/vocesparalelas.com.ar\/sitio\/wp-json\/wp\/v2\/media\/83469"}],"wp:attachment":[{"href":"https:\/\/vocesparalelas.com.ar\/sitio\/wp-json\/wp\/v2\/media?parent=83466"}],"wp:term":[{"taxonomy":"category","embeddable":true,"href":"https:\/\/vocesparalelas.com.ar\/sitio\/wp-json\/wp\/v2\/categories?post=83466"},{"taxonomy":"post_tag","embeddable":true,"href":"https:\/\/vocesparalelas.com.ar\/sitio\/wp-json\/wp\/v2\/tags?post=83466"}],"curies":[{"name":"wp","href":"https:\/\/api.w.org\/{rel}","templated":true}]}}