{"id":83453,"date":"2025-03-06T14:17:32","date_gmt":"2025-03-06T17:17:32","guid":{"rendered":"https:\/\/vocesparalelas.com.ar\/sitio\/?p=83453"},"modified":"2025-03-06T14:17:32","modified_gmt":"2025-03-06T17:17:32","slug":"primera-reunion-plenaria-del-consejo-federal-mipyme-2025-en-mendoza","status":"publish","type":"post","link":"https:\/\/vocesparalelas.com.ar\/sitio\/primera-reunion-plenaria-del-consejo-federal-mipyme-2025-en-mendoza\/","title":{"rendered":"Primera reuni\u00f3n plenaria del Consejo Federal MiPyME 2025 en Mendoza"},"content":{"rendered":"<p>Las instalaciones de Casa David en Agrelo, Luj\u00e1n de Cuyo, Provincia de Mendoza, fue la sede de la reuni\u00f3n plenaria del Consejo Federal MiPyME. Unificar estrategias en apoyo al desarrollo y fortalecimiento del sector que generen puentes con el sector p\u00fablico fue la premisa de esta primera reuni\u00f3n en el que estuvo representadas por importantes c\u00e1maras, asociaciones e instituciones.<\/p>\n<p>El plenario fue presidido por el Secretario de la Peque\u00f1a y Mediana Empresa, Emprendedores y Econom\u00eda del Conocimiento, del Ministerio de Econom\u00eda de la Naci\u00f3n, Lic. Marcos Ayerra y por el Ministro de Producci\u00f3n, Ing. Rodolfo Vargas Arizu. Adem\u00e1s, cont\u00f3 con la activa participaci\u00f3n del secretario de Coordinaci\u00f3n para el Desarrollo Econ\u00f3mico, Mg. Alfredo Aciar, el director de Pymes y Emprendedores, Lic. Jos\u00e9 Carpino, y autoridades de la Rep\u00fablica Argentina.<\/p>\n<p>Durante el encuentro, cada una de las provincias expusieron sus realidades, destacando la urgencia de mejorar la infraestructura, simplificar tr\u00e1mites, facilitar el acceso a financiamiento y fomentar la innovaci\u00f3n tecnol\u00f3gica como parte de un enfoque integral.<\/p>\n<p>Otra de las aristas que tocaron fue el impulso de la herramienta del RIGI aggiornada a las PYMES. Adem\u00e1s, de que cada provincia promueve una legislaci\u00f3n que mejore las condiciones laborales y fomente el empleo formal para evitar la industria de los juicios laborales.<\/p>\n<p>El director de Pymes y Emprendedores, Lic. Jos\u00e9 Carpino puntualiz\u00f3 que\u00a0 \u00abexpusimos sobre actualidad de las Pymes sanjuaninas y los sectores productivos de la provincia. Tambi\u00e9n comentamos sobre la necesidad de que Naci\u00f3n promueva una legislaci\u00f3n impositiva que beneficie y genere competitividad al sector\u201d.<\/p>\n<p>&nbsp;<\/p>\n<p>&nbsp;<\/p>\n","protected":false},"excerpt":{"rendered":"<p>Las instalaciones de Casa David en Agrelo, Luj\u00e1n de Cuyo, Provincia de Mendoza, fue la sede de la reuni\u00f3n plenaria<\/p>\n","protected":false},"author":3,"featured_media":83456,"comment_status":"closed","ping_status":"closed","sticky":false,"template":"","format":"standard","meta":{"_acf_changed":false,"_seopress_robots_primary_cat":"none","_seopress_titles_title":"","_seopress_titles_desc":"","_seopress_robots_index":"","colormag_page_container_layout":"default_layout","colormag_page_sidebar_layout":"default_layout","footnotes":""},"categories":[1],"tags":[],"class_list":["post-83453","post","type-post","status-publish","format-standard","has-post-thumbnail","hentry","category-destacadas"],"acf":[],"_links":{"self":[{"href":"https:\/\/vocesparalelas.com.ar\/sitio\/wp-json\/wp\/v2\/posts\/83453","targetHints":{"allow":["GET"]}}],"collection":[{"href":"https:\/\/vocesparalelas.com.ar\/sitio\/wp-json\/wp\/v2\/posts"}],"about":[{"href":"https:\/\/vocesparalelas.com.ar\/sitio\/wp-json\/wp\/v2\/types\/post"}],"author":[{"embeddable":true,"href":"https:\/\/vocesparalelas.com.ar\/sitio\/wp-json\/wp\/v2\/users\/3"}],"replies":[{"embeddable":true,"href":"https:\/\/vocesparalelas.com.ar\/sitio\/wp-json\/wp\/v2\/comments?post=83453"}],"version-history":[{"count":1,"href":"https:\/\/vocesparalelas.com.ar\/sitio\/wp-json\/wp\/v2\/posts\/83453\/revisions"}],"predecessor-version":[{"id":83457,"href":"https:\/\/vocesparalelas.com.ar\/sitio\/wp-json\/wp\/v2\/posts\/83453\/revisions\/83457"}],"wp:featuredmedia":[{"embeddable":true,"href":"https:\/\/vocesparalelas.com.ar\/sitio\/wp-json\/wp\/v2\/media\/83456"}],"wp:attachment":[{"href":"https:\/\/vocesparalelas.com.ar\/sitio\/wp-json\/wp\/v2\/media?parent=83453"}],"wp:term":[{"taxonomy":"category","embeddable":true,"href":"https:\/\/vocesparalelas.com.ar\/sitio\/wp-json\/wp\/v2\/categories?post=83453"},{"taxonomy":"post_tag","embeddable":true,"href":"https:\/\/vocesparalelas.com.ar\/sitio\/wp-json\/wp\/v2\/tags?post=83453"}],"curies":[{"name":"wp","href":"https:\/\/api.w.org\/{rel}","templated":true}]}}