{"id":83440,"date":"2025-03-06T11:58:03","date_gmt":"2025-03-06T14:58:03","guid":{"rendered":"https:\/\/vocesparalelas.com.ar\/sitio\/?p=83440"},"modified":"2025-03-07T14:02:39","modified_gmt":"2025-03-07T17:02:39","slug":"desvios-del-recorrido-de-redtulum-por-el-triatlon-del-sol-2025-en-san-juan","status":"publish","type":"post","link":"https:\/\/vocesparalelas.com.ar\/sitio\/desvios-del-recorrido-de-redtulum-por-el-triatlon-del-sol-2025-en-san-juan\/","title":{"rendered":"Desv\u00edos del recorrido de RedTulum por el Triatl\u00f3n del Sol 2025 en San Juan"},"content":{"rendered":"<p>Con motivo de la realizaci\u00f3n del Triatl\u00f3n del Sol 2025, el Domingo, 9 de Marzo, entre las 6:00 y las 14:00 hs, diversas l\u00edneas del transporte p\u00fablico aplican modificaciones en sus recorridos habituales.<\/p>\n<p>La competencia, que abarca los departamentos de Zonda, Ullum, Rivadavia y Capital, demanda desv\u00edos estrat\u00e9gicos para garantizar la circulaci\u00f3n y seguridad de los participantes y usuarios del servicio de colectivos explic\u00f3 el Ministerio de Gobierno de San Juan a trav\u00e9s de la Direcci\u00f3n de Coordinaci\u00f3n de RedTulum.<\/p>\n<p>En el tramo de ciclismo, los deportistas recorrer\u00e1n un extenso circuito que inicia en la rampa del embarcadero del Dique Punta Negra y se extiende por Ruta Provincial N\u00b0 12, Ruta Interlagos, Fray Justo Santa Mar\u00eda de Oro, Herm\u00f3genes Ruiz, Vidart, Ruta 60, el pared\u00f3n del Dique de Ullum y la Ruta del Sol hasta el Parque Faun\u00edstico. En tanto, la disciplina pedestre partir\u00e1 desde el Parque Faun\u00edstico y continuar\u00e1 por Ruta del Sol, Gal\u00edndez, Avenida Libertador, Parque de Rivadavia, Gendarme La Fuente, Gendarme Argentino, Aberastain Sur, Avenida Libertador, Lateral de Circunvalaci\u00f3n, Paula Albarrac\u00edn de Sarmiento y 25 de Mayo, finalizando en el Museo de la Historia.<\/p>\n<p>Como consecuencia, se implementar\u00e1n desv\u00edos en m\u00faltiples l\u00edneas de colectivos, afectando a usuarios de distintas empresas de transporte.<\/p>\n<ul>\n<li>Las unidades de\u00a0U.T.E. La Marina S.A. &#8211; La Positiva S.A.\u00a0modificar\u00e1n los trayectos de las l\u00edneas B, 100, 101, 120, 122, 123, 124, 125, 126 y 127.<\/li>\n<li>Por su parte,\u00a0Libertador S.R.L.\u00a0aplicar\u00e1 cambios en las l\u00edneas A, 140, 141, 142, 160, 161 y 162.<\/li>\n<li>La empresa\u00a0Mayo S.R.L.\u00a0ver\u00e1 afectada su l\u00ednea 212, mientras que Albard\u00f3n S.R.L. ajustar\u00e1 los recorridos de las l\u00edneas 400 y 402.<\/li>\n<\/ul>\n<p>Desde las autoridades provinciales recomiendan a los pasajeros planificar con antelaci\u00f3n sus traslados y utilizar v\u00edas alternativas durante el horario de la competencia. Asimismo, instan a respetar las indicaciones del personal de tr\u00e1nsito para evitar inconvenientes y garantizar un desarrollo seguro del evento.<\/p>\n<p><img loading=\"lazy\" decoding=\"async\" class=\"alignnone size-full wp-image-74417\" src=\"https:\/\/vocesparalelas.com.ar\/sitio\/wp-content\/uploads\/2024\/07\/REDTULUM-LOGO.jpg\" alt=\"\" width=\"800\" height=\"600\" srcset=\"https:\/\/vocesparalelas.com.ar\/sitio\/wp-content\/uploads\/2024\/07\/REDTULUM-LOGO.jpg 800w, https:\/\/vocesparalelas.com.ar\/sitio\/wp-content\/uploads\/2024\/07\/REDTULUM-LOGO-300x225.jpg 300w, https:\/\/vocesparalelas.com.ar\/sitio\/wp-content\/uploads\/2024\/07\/REDTULUM-LOGO-768x576.jpg 768w\" sizes=\"auto, (max-width: 800px) 100vw, 800px\" \/><\/p>\n<p>&nbsp;<\/p>\n","protected":false},"excerpt":{"rendered":"<p>Con motivo de la realizaci\u00f3n del Triatl\u00f3n del Sol 2025, el Domingo, 9 de Marzo, entre las 6:00 y las<\/p>\n","protected":false},"author":3,"featured_media":60984,"comment_status":"closed","ping_status":"closed","sticky":false,"template":"","format":"standard","meta":{"_acf_changed":false,"_seopress_robots_primary_cat":"none","_seopress_titles_title":"","_seopress_titles_desc":"","_seopress_robots_index":"","colormag_page_container_layout":"default_layout","colormag_page_sidebar_layout":"default_layout","footnotes":""},"categories":[6],"tags":[],"class_list":["post-83440","post","type-post","status-publish","format-standard","has-post-thumbnail","hentry","category-eventos"],"acf":[],"_links":{"self":[{"href":"https:\/\/vocesparalelas.com.ar\/sitio\/wp-json\/wp\/v2\/posts\/83440","targetHints":{"allow":["GET"]}}],"collection":[{"href":"https:\/\/vocesparalelas.com.ar\/sitio\/wp-json\/wp\/v2\/posts"}],"about":[{"href":"https:\/\/vocesparalelas.com.ar\/sitio\/wp-json\/wp\/v2\/types\/post"}],"author":[{"embeddable":true,"href":"https:\/\/vocesparalelas.com.ar\/sitio\/wp-json\/wp\/v2\/users\/3"}],"replies":[{"embeddable":true,"href":"https:\/\/vocesparalelas.com.ar\/sitio\/wp-json\/wp\/v2\/comments?post=83440"}],"version-history":[{"count":1,"href":"https:\/\/vocesparalelas.com.ar\/sitio\/wp-json\/wp\/v2\/posts\/83440\/revisions"}],"predecessor-version":[{"id":83443,"href":"https:\/\/vocesparalelas.com.ar\/sitio\/wp-json\/wp\/v2\/posts\/83440\/revisions\/83443"}],"wp:featuredmedia":[{"embeddable":true,"href":"https:\/\/vocesparalelas.com.ar\/sitio\/wp-json\/wp\/v2\/media\/60984"}],"wp:attachment":[{"href":"https:\/\/vocesparalelas.com.ar\/sitio\/wp-json\/wp\/v2\/media?parent=83440"}],"wp:term":[{"taxonomy":"category","embeddable":true,"href":"https:\/\/vocesparalelas.com.ar\/sitio\/wp-json\/wp\/v2\/categories?post=83440"},{"taxonomy":"post_tag","embeddable":true,"href":"https:\/\/vocesparalelas.com.ar\/sitio\/wp-json\/wp\/v2\/tags?post=83440"}],"curies":[{"name":"wp","href":"https:\/\/api.w.org\/{rel}","templated":true}]}}