{"id":83436,"date":"2025-03-06T11:51:16","date_gmt":"2025-03-06T14:51:16","guid":{"rendered":"https:\/\/vocesparalelas.com.ar\/sitio\/?p=83436"},"modified":"2025-03-07T13:29:13","modified_gmt":"2025-03-07T16:29:13","slug":"9-edicion-de-la-maraton-de-san-juan-2025","status":"publish","type":"post","link":"https:\/\/vocesparalelas.com.ar\/sitio\/9-edicion-de-la-maraton-de-san-juan-2025\/","title":{"rendered":"9\u00b0 edici\u00f3n de la Marat\u00f3n de San Juan 2025"},"content":{"rendered":"<p>El 27 de Julio de 2025, San Juan vibrar\u00e1 nuevamente con la emoci\u00f3n del running en la 9\u00b0 edici\u00f3n de la Marat\u00f3n de San Juan, una carrera que a\u00f1o tras a\u00f1o se consolida como un evento emblem\u00e1tico del deporte en la provincia. Con un\u00a0circuito renovado y \u00fanico, los participantes podr\u00e1n disfrutar de un recorrido que combina la majestuosidad de la monta\u00f1a con la esencia urbana de la ciudad, en un desaf\u00edo inigualable.<\/p>\n<p>Las inscripciones ya est\u00e1n abiertas y aquellos corredores con discapacidad certificada pueden acceder a un\u00a0descuento\u00a0enviando su C.U.D. al siguiente correo:<\/p>\n<p><span id=\"cloakabbc5bdc189660866f34107db1e8b1ca\"><a href=\"mailto:misj@adventurepro.com.ar\">misj@adventurepro.com.ar<\/a><\/span><\/p>\n<p>Con la promesa de un recorrido emocionante y un ambiente vibrante, la\u00a0Marat\u00f3n de San Juan 2025\u00a0se perfila como uno de los eventos deportivos m\u00e1s esperados del a\u00f1o, consolid\u00e1ndose como un cl\u00e1sico en el calendario del running argentino.<\/p>\n<p>La competencia principal de\u00a042 km\u00a0tendr\u00e1 su punto de partida en el\u00a0Dique Punta Negra, un paisaje de ensue\u00f1o rodeado de monta\u00f1as y aguas cristalinas. Desde ese punto, los corredores atravesar\u00e1n el perilago, cruzar\u00e1n la\u00a0Quebrada de Zonda, pasar\u00e1n por el\u00a0aut\u00f3dromo Eduardo Copello\u00a0y recorrer\u00e1n la\u00a0Ruta del Sol, en un trazado que fusiona naturaleza y deporte.<\/p>\n<p>A medida que se acerquen al tramo final, ingresar\u00e1n al coraz\u00f3n de la capital sanjuanina, transitando por lugares ic\u00f3nicos como la\u00a0Casa de Gobierno, el Estadio Aldo Cantoni, el Parque de Mayo, la Casa Natal de Sarmiento y la Catedral de San Juan, para finalmente cruzar la meta frente al imponente\u00a0Teatro del Bicentenario, donde cada corredor ser\u00e1 recibido con una medalla conmemorativa.<\/p>\n<p>Adem\u00e1s de la prueba principal, el evento ofrecer\u00e1 distancias de\u00a021 km, 10 km y 5 km, permitiendo que tanto corredores experimentados como aficionados puedan sumarse a esta verdadera\u00a0Fiesta Urbana del Running.<\/p>\n<p>Las distancias de\u00a042 km y 21 km cuentan con certificaci\u00f3n de la WORLD ATHLETICS y la Confederaci\u00f3n Argentina de Atletismo (C.A.D.A.), lo que garantiza un recorrido medido con precisi\u00f3n, est\u00e1ndares internacionales de seguridad y la posibilidad de sumar puntos para rankings y clasificaciones.<\/p>\n<p>el Mes de Julio en San Juan ofrece temperaturas que oscilan entre los 6\u00b0 y 17\u00b0C, condiciones \u00f3ptimas para que los corredores puedan dar lo mejor de s\u00ed y buscar superar sus propios registros.<\/p>\n<p>&nbsp;<\/p>\n<p><img loading=\"lazy\" decoding=\"async\" class=\"alignnone size-full wp-image-75171\" src=\"https:\/\/vocesparalelas.com.ar\/sitio\/wp-content\/uploads\/2024\/07\/MARATON-SAN-JUAN-02.jpg\" alt=\"\" width=\"800\" height=\"450\" srcset=\"https:\/\/vocesparalelas.com.ar\/sitio\/wp-content\/uploads\/2024\/07\/MARATON-SAN-JUAN-02.jpg 800w, https:\/\/vocesparalelas.com.ar\/sitio\/wp-content\/uploads\/2024\/07\/MARATON-SAN-JUAN-02-300x169.jpg 300w, https:\/\/vocesparalelas.com.ar\/sitio\/wp-content\/uploads\/2024\/07\/MARATON-SAN-JUAN-02-768x432.jpg 768w\" sizes=\"auto, (max-width: 800px) 100vw, 800px\" \/><\/p>\n<p>&nbsp;<\/p>\n","protected":false},"excerpt":{"rendered":"<p>El 27 de Julio de 2025, San Juan vibrar\u00e1 nuevamente con la emoci\u00f3n del running en la 9\u00b0 edici\u00f3n de<\/p>\n","protected":false},"author":3,"featured_media":51021,"comment_status":"closed","ping_status":"closed","sticky":false,"template":"","format":"standard","meta":{"_acf_changed":false,"_seopress_robots_primary_cat":"none","_seopress_titles_title":"","_seopress_titles_desc":"","_seopress_robots_index":"","colormag_page_container_layout":"default_layout","colormag_page_sidebar_layout":"default_layout","footnotes":""},"categories":[8],"tags":[],"class_list":["post-83436","post","type-post","status-publish","format-standard","has-post-thumbnail","hentry","category-concursos"],"acf":[],"_links":{"self":[{"href":"https:\/\/vocesparalelas.com.ar\/sitio\/wp-json\/wp\/v2\/posts\/83436","targetHints":{"allow":["GET"]}}],"collection":[{"href":"https:\/\/vocesparalelas.com.ar\/sitio\/wp-json\/wp\/v2\/posts"}],"about":[{"href":"https:\/\/vocesparalelas.com.ar\/sitio\/wp-json\/wp\/v2\/types\/post"}],"author":[{"embeddable":true,"href":"https:\/\/vocesparalelas.com.ar\/sitio\/wp-json\/wp\/v2\/users\/3"}],"replies":[{"embeddable":true,"href":"https:\/\/vocesparalelas.com.ar\/sitio\/wp-json\/wp\/v2\/comments?post=83436"}],"version-history":[{"count":1,"href":"https:\/\/vocesparalelas.com.ar\/sitio\/wp-json\/wp\/v2\/posts\/83436\/revisions"}],"predecessor-version":[{"id":83439,"href":"https:\/\/vocesparalelas.com.ar\/sitio\/wp-json\/wp\/v2\/posts\/83436\/revisions\/83439"}],"wp:featuredmedia":[{"embeddable":true,"href":"https:\/\/vocesparalelas.com.ar\/sitio\/wp-json\/wp\/v2\/media\/51021"}],"wp:attachment":[{"href":"https:\/\/vocesparalelas.com.ar\/sitio\/wp-json\/wp\/v2\/media?parent=83436"}],"wp:term":[{"taxonomy":"category","embeddable":true,"href":"https:\/\/vocesparalelas.com.ar\/sitio\/wp-json\/wp\/v2\/categories?post=83436"},{"taxonomy":"post_tag","embeddable":true,"href":"https:\/\/vocesparalelas.com.ar\/sitio\/wp-json\/wp\/v2\/tags?post=83436"}],"curies":[{"name":"wp","href":"https:\/\/api.w.org\/{rel}","templated":true}]}}