{"id":83425,"date":"2025-03-05T22:08:00","date_gmt":"2025-03-06T01:08:00","guid":{"rendered":"https:\/\/vocesparalelas.com.ar\/sitio\/?p=83425"},"modified":"2025-03-05T22:08:00","modified_gmt":"2025-03-06T01:08:00","slug":"8000-docentes-se-movilizaron-en-san-juan-por-un-sueldo-digno","status":"publish","type":"post","link":"https:\/\/vocesparalelas.com.ar\/sitio\/8000-docentes-se-movilizaron-en-san-juan-por-un-sueldo-digno\/","title":{"rendered":"8000 docentes se movilizaron en San Juan por un sueldo digno"},"content":{"rendered":"<p>Los docentes de San Juan se concentraci\u00f3n en el Centro C\u00edvico y desde ese punto desarrollaron una multitudinaria marcha por Avda. Libertador Gral. San Mart\u00edn hacia la Casa de Gobierno,\u00a0 donde sus representantes gremiales entregaron un Petitorio al Secretario Gral. de la Gobernaci\u00f3n, Lic. Emilio Achem, quien lo recibi\u00f3 y prometi\u00f3 dar una respuesta a lo solicitado.<\/p>\n<p>Adem\u00e1s, se solicit\u00f3 que el Vicegobernador a cargo del Ejecutivo, el Dr. Fabi\u00e1n Mart\u00edn, tomara la decisi\u00f3n de llamar a paritarias.<\/p>\n<p><iframe loading=\"lazy\" title=\"SAN JUAN DOCENTES\" width=\"800\" height=\"450\" src=\"https:\/\/www.youtube.com\/embed\/rjiGm05HdmQ?feature=oembed\" frameborder=\"0\" allow=\"accelerometer; autoplay; clipboard-write; encrypted-media; gyroscope; picture-in-picture; web-share\" referrerpolicy=\"strict-origin-when-cross-origin\" allowfullscreen><\/iframe><\/p>\n<p>UDA San Juan agradece a quienes hicieron visible el descontento, un reclamo justo por ese salario digno, que merecen los docentes y que el gobierno debe garantizar.<\/p>\n<p>Es importantes destacar que se manifestaron 8000 docentes con representantes de los distintos departamentos de San Juan.<\/p>\n<p><img loading=\"lazy\" decoding=\"async\" class=\"alignnone size-full wp-image-83428\" src=\"https:\/\/vocesparalelas.com.ar\/sitio\/wp-content\/uploads\/2025\/03\/UDA-MOVILIZACION-01.jpg\" alt=\"\" width=\"800\" height=\"535\" srcset=\"https:\/\/vocesparalelas.com.ar\/sitio\/wp-content\/uploads\/2025\/03\/UDA-MOVILIZACION-01.jpg 800w, https:\/\/vocesparalelas.com.ar\/sitio\/wp-content\/uploads\/2025\/03\/UDA-MOVILIZACION-01-300x201.jpg 300w, https:\/\/vocesparalelas.com.ar\/sitio\/wp-content\/uploads\/2025\/03\/UDA-MOVILIZACION-01-768x514.jpg 768w\" sizes=\"auto, (max-width: 800px) 100vw, 800px\" \/><\/p>\n<p>Posteriormente, los Delegados escolares informaron que el acatamiento fue del 90% en establecimientos educativos de San Juan tanto en turno ma\u00f1ana y tarde como en primaria y secundaria.<\/p>\n<p>Contin\u00faan en estado de alerta, en sinton\u00eda con lineamientos nacionales.<\/p>\n<p><img loading=\"lazy\" decoding=\"async\" class=\"alignnone size-large wp-image-83430\" src=\"https:\/\/vocesparalelas.com.ar\/sitio\/wp-content\/uploads\/2025\/03\/UDA-MOVILIZACION-03.jpg\" alt=\"\" width=\"800\" height=\"600\" srcset=\"https:\/\/vocesparalelas.com.ar\/sitio\/wp-content\/uploads\/2025\/03\/UDA-MOVILIZACION-03.jpg 800w, https:\/\/vocesparalelas.com.ar\/sitio\/wp-content\/uploads\/2025\/03\/UDA-MOVILIZACION-03-300x225.jpg 300w, https:\/\/vocesparalelas.com.ar\/sitio\/wp-content\/uploads\/2025\/03\/UDA-MOVILIZACION-03-768x576.jpg 768w\" sizes=\"auto, (max-width: 800px) 100vw, 800px\" \/><\/p>\n<p>&nbsp;<\/p>\n","protected":false},"excerpt":{"rendered":"<p>Los docentes de San Juan se concentraci\u00f3n en el Centro C\u00edvico y desde ese punto desarrollaron una multitudinaria marcha por<\/p>\n","protected":false},"author":3,"featured_media":83429,"comment_status":"closed","ping_status":"closed","sticky":false,"template":"","format":"standard","meta":{"_acf_changed":false,"_seopress_robots_primary_cat":"none","_seopress_titles_title":"","_seopress_titles_desc":"","_seopress_robots_index":"","colormag_page_container_layout":"default_layout","colormag_page_sidebar_layout":"default_layout","footnotes":""},"categories":[1,7],"tags":[],"class_list":["post-83425","post","type-post","status-publish","format-standard","has-post-thumbnail","hentry","category-destacadas","category-videos"],"acf":[],"_links":{"self":[{"href":"https:\/\/vocesparalelas.com.ar\/sitio\/wp-json\/wp\/v2\/posts\/83425","targetHints":{"allow":["GET"]}}],"collection":[{"href":"https:\/\/vocesparalelas.com.ar\/sitio\/wp-json\/wp\/v2\/posts"}],"about":[{"href":"https:\/\/vocesparalelas.com.ar\/sitio\/wp-json\/wp\/v2\/types\/post"}],"author":[{"embeddable":true,"href":"https:\/\/vocesparalelas.com.ar\/sitio\/wp-json\/wp\/v2\/users\/3"}],"replies":[{"embeddable":true,"href":"https:\/\/vocesparalelas.com.ar\/sitio\/wp-json\/wp\/v2\/comments?post=83425"}],"version-history":[{"count":1,"href":"https:\/\/vocesparalelas.com.ar\/sitio\/wp-json\/wp\/v2\/posts\/83425\/revisions"}],"predecessor-version":[{"id":83431,"href":"https:\/\/vocesparalelas.com.ar\/sitio\/wp-json\/wp\/v2\/posts\/83425\/revisions\/83431"}],"wp:featuredmedia":[{"embeddable":true,"href":"https:\/\/vocesparalelas.com.ar\/sitio\/wp-json\/wp\/v2\/media\/83429"}],"wp:attachment":[{"href":"https:\/\/vocesparalelas.com.ar\/sitio\/wp-json\/wp\/v2\/media?parent=83425"}],"wp:term":[{"taxonomy":"category","embeddable":true,"href":"https:\/\/vocesparalelas.com.ar\/sitio\/wp-json\/wp\/v2\/categories?post=83425"},{"taxonomy":"post_tag","embeddable":true,"href":"https:\/\/vocesparalelas.com.ar\/sitio\/wp-json\/wp\/v2\/tags?post=83425"}],"curies":[{"name":"wp","href":"https:\/\/api.w.org\/{rel}","templated":true}]}}