{"id":83421,"date":"2025-03-05T19:30:18","date_gmt":"2025-03-05T22:30:18","guid":{"rendered":"https:\/\/vocesparalelas.com.ar\/sitio\/?p=83421"},"modified":"2025-03-06T20:29:40","modified_gmt":"2025-03-06T23:29:40","slug":"estado-de-alerta-y-sesion-permanente-de-uta-san-juan-frente-a-la-falta-de-pago-de-la-deuda-salarial-de-atap","status":"publish","type":"post","link":"https:\/\/vocesparalelas.com.ar\/sitio\/estado-de-alerta-y-sesion-permanente-de-uta-san-juan-frente-a-la-falta-de-pago-de-la-deuda-salarial-de-atap\/","title":{"rendered":"Estado de alerta y sesi\u00f3n permanente de UTA San Juan frente a la falta de pago de la deuda salarial de ATAP"},"content":{"rendered":"<p>UTA San Juan comunica a las\/os compa\u00f1eros del Transporte P\u00fablico de Pasajeros, a los usuarios y a la poblaci\u00f3n en general que, luego de agotar en el d\u00eda de la fecha, 05 de Marzo, todas las v\u00edas de dialogo con la C\u00e1mara Empresaria A.T.A.P. seguir manifestando la misma su imposibilidad de pagar la deuda salarial de Noviembre 2024.<\/p>\n<p>Por ello, comunicamos, que en un \u00faltimo gesto de parte de los trabajadores, nos mantendremos en un estado de alerta y sesi\u00f3n permanente con los cuerpos de Delegados hasta el Lunes, 10 de Marzo, que verifiquemos el pago de los salarios y se nos de una respuesta, de la deuda de Noviembre de 2024.<\/p>\n<p>Tendremos este \u00faltimo gesto pensando en los usuarios y a los fines de que C\u00e1mara Empresaria y Gobierno de la Provincia encuentren una metodolog\u00eda de compensaci\u00f3n tarifaria, tarifa o lo crean conveniente.<\/p>\n<p>Que no siga tomando de rehenes a los trabajadores, una vez m\u00e1s seremos los que piensen en los usuarios, mientras los verdaderos responsables del Transporte p\u00fablico, siguen con su interminable desacuerdo.<\/p>\n<p>El d\u00eda Lunes, 10 de Marzo, reunida la Junta Ejecutiva y cuerpos de Delegados se comunicaran las medidas gremiales.<\/p>\n<p>&nbsp;<\/p>\n<p style=\"text-align: right;\">JUNTA EJECUTIVA U.T.A. SEC. SAN JUAN<\/p>\n<p style=\"text-align: right;\">CUERPO DE DELEGADOS<\/p>\n<p style=\"text-align: right;\">MARCELO MALDONADO SEC. GENERAL<\/p>\n<p><img loading=\"lazy\" decoding=\"async\" class=\"alignnone size-full wp-image-69356\" src=\"https:\/\/vocesparalelas.com.ar\/sitio\/wp-content\/uploads\/2024\/02\/UTA-SAN-JUAN.jpg\" alt=\"\" width=\"800\" height=\"450\" srcset=\"https:\/\/vocesparalelas.com.ar\/sitio\/wp-content\/uploads\/2024\/02\/UTA-SAN-JUAN.jpg 800w, https:\/\/vocesparalelas.com.ar\/sitio\/wp-content\/uploads\/2024\/02\/UTA-SAN-JUAN-300x169.jpg 300w, https:\/\/vocesparalelas.com.ar\/sitio\/wp-content\/uploads\/2024\/02\/UTA-SAN-JUAN-768x432.jpg 768w\" sizes=\"auto, (max-width: 800px) 100vw, 800px\" \/><\/p>\n","protected":false},"excerpt":{"rendered":"<p>UTA San Juan comunica a las\/os compa\u00f1eros del Transporte P\u00fablico de Pasajeros, a los usuarios y a la poblaci\u00f3n en<\/p>\n","protected":false},"author":3,"featured_media":48167,"comment_status":"closed","ping_status":"closed","sticky":false,"template":"","format":"standard","meta":{"_acf_changed":false,"_seopress_robots_primary_cat":"none","_seopress_titles_title":"","_seopress_titles_desc":"","_seopress_robots_index":"","colormag_page_container_layout":"default_layout","colormag_page_sidebar_layout":"default_layout","footnotes":""},"categories":[6],"tags":[],"class_list":["post-83421","post","type-post","status-publish","format-standard","has-post-thumbnail","hentry","category-eventos"],"acf":[],"_links":{"self":[{"href":"https:\/\/vocesparalelas.com.ar\/sitio\/wp-json\/wp\/v2\/posts\/83421","targetHints":{"allow":["GET"]}}],"collection":[{"href":"https:\/\/vocesparalelas.com.ar\/sitio\/wp-json\/wp\/v2\/posts"}],"about":[{"href":"https:\/\/vocesparalelas.com.ar\/sitio\/wp-json\/wp\/v2\/types\/post"}],"author":[{"embeddable":true,"href":"https:\/\/vocesparalelas.com.ar\/sitio\/wp-json\/wp\/v2\/users\/3"}],"replies":[{"embeddable":true,"href":"https:\/\/vocesparalelas.com.ar\/sitio\/wp-json\/wp\/v2\/comments?post=83421"}],"version-history":[{"count":1,"href":"https:\/\/vocesparalelas.com.ar\/sitio\/wp-json\/wp\/v2\/posts\/83421\/revisions"}],"predecessor-version":[{"id":83424,"href":"https:\/\/vocesparalelas.com.ar\/sitio\/wp-json\/wp\/v2\/posts\/83421\/revisions\/83424"}],"wp:featuredmedia":[{"embeddable":true,"href":"https:\/\/vocesparalelas.com.ar\/sitio\/wp-json\/wp\/v2\/media\/48167"}],"wp:attachment":[{"href":"https:\/\/vocesparalelas.com.ar\/sitio\/wp-json\/wp\/v2\/media?parent=83421"}],"wp:term":[{"taxonomy":"category","embeddable":true,"href":"https:\/\/vocesparalelas.com.ar\/sitio\/wp-json\/wp\/v2\/categories?post=83421"},{"taxonomy":"post_tag","embeddable":true,"href":"https:\/\/vocesparalelas.com.ar\/sitio\/wp-json\/wp\/v2\/tags?post=83421"}],"curies":[{"name":"wp","href":"https:\/\/api.w.org\/{rel}","templated":true}]}}