{"id":83407,"date":"2025-03-05T12:25:32","date_gmt":"2025-03-05T15:25:32","guid":{"rendered":"https:\/\/vocesparalelas.com.ar\/sitio\/?p=83407"},"modified":"2025-03-06T13:28:44","modified_gmt":"2025-03-06T16:28:44","slug":"cursos-en-la-escuela-de-oficios-municipal-de-rivadavia","status":"publish","type":"post","link":"https:\/\/vocesparalelas.com.ar\/sitio\/cursos-en-la-escuela-de-oficios-municipal-de-rivadavia\/","title":{"rendered":"Cursos en la Escuela de Oficios Municipal de Rivadavia\u00a0"},"content":{"rendered":"<div><\/div>\n<div>La Municipalidad de la Ciudad de Rivadavia, bajo la gesti\u00f3n del Intendente Sergio Miodowsky, invita a los vecinos a participar de las inscripciones para los cursos de la Escuela de Oficios Municipal, el 07 de Marzo, de 8:00 a 11:00 hs, en Av. Libertador General San Mart\u00edn 5112 &#8211; O -, esquina Santo Domingo.<\/div>\n<div><\/div>\n<div>Esta iniciativa busca brindar herramientas pr\u00e1cticas para mejorar la inserci\u00f3n laboral de las personas, mediante capacitaciones dise\u00f1adas para responder a las demandas del mercado actual.<\/div>\n<div><\/div>\n<div><strong><span style=\"color: #ff6600;\">Cursos que requieren secundario<\/span><\/strong><\/div>\n<ul>\n<li>Electricidad<\/li>\n<li>Instalaci\u00f3n de Aire Acondicionado<\/li>\n<li>Higiene y Seguridad Laboral<\/li>\n<li>Auxiliar de Administraci\u00f3n Educativa<\/li>\n<\/ul>\n<div>Cursos tradicionales<\/div>\n<div>\n<ul>\n<li>Soldadura<\/li>\n<li>Pasteler\u00eda (Producci\u00f3n) Nivel 1 y 2<\/li>\n<li>Pasteler\u00eda (Gourmet) Nivel 1 y 2<\/li>\n<li>Carpinter\u00eda Nivel 1 y 2<\/li>\n<li>Enoturismo<\/li>\n<li>Barber\u00eda<\/li>\n<li>Reparaci\u00f3n de Celular Nivel 1y 2<\/li>\n<li>Panader\u00eda-Pizzer\u00eda<\/li>\n<li>Bordado Creativo<\/li>\n<li>Est\u00e9tica<\/li>\n<li>Oratoria<\/li>\n<li>Barista<\/li>\n<li>Molder\u00eda y Confecci\u00f3n<\/li>\n<li>Bartender<\/li>\n<li>Atenci\u00f3n al Cliente<\/li>\n<li>Reparaci\u00f3n de Calzados<\/li>\n<\/ul>\n<p><strong><span style=\"color: #ff6600;\">Requisitos<\/span><\/strong><\/p>\n<\/div>\n<ul>\n<li>Tener 18 a\u00f1os o m\u00e1s<\/li>\n<li>Presentar fotocopia de DNI<\/li>\n<li>Solo se permite una inscripci\u00f3n por persona<\/li>\n<li>Los cupos son limitados, especialmente para personas de otros departamentos<\/li>\n<\/ul>\n<div>Esta propuesta de formaci\u00f3n no solo apunta a generar oportunidades de empleo, sino tambi\u00e9n a fortalecer el tejido social a trav\u00e9s de la capacitaci\u00f3n y el desarrollo personal.<\/div>\n<div><\/div>\n<div>Desde Rivadavia Ciudad, reafirma el compromiso con el crecimiento de los vecinos.<\/div>\n<div><\/div>\n<div><img loading=\"lazy\" decoding=\"async\" class=\"alignnone size-full wp-image-66896\" src=\"https:\/\/vocesparalelas.com.ar\/sitio\/wp-content\/uploads\/2023\/12\/RIVADAVIA-LOGO-NUEVO.jpg\" alt=\"\" width=\"800\" height=\"533\" srcset=\"https:\/\/vocesparalelas.com.ar\/sitio\/wp-content\/uploads\/2023\/12\/RIVADAVIA-LOGO-NUEVO.jpg 800w, https:\/\/vocesparalelas.com.ar\/sitio\/wp-content\/uploads\/2023\/12\/RIVADAVIA-LOGO-NUEVO-300x200.jpg 300w, https:\/\/vocesparalelas.com.ar\/sitio\/wp-content\/uploads\/2023\/12\/RIVADAVIA-LOGO-NUEVO-768x512.jpg 768w\" sizes=\"auto, (max-width: 800px) 100vw, 800px\" \/><\/div>\n<div><\/div>\n<div><\/div>\n","protected":false},"excerpt":{"rendered":"<p>La Municipalidad de la Ciudad de Rivadavia, bajo la gesti\u00f3n del Intendente Sergio Miodowsky, invita a los vecinos a participar<\/p>\n","protected":false},"author":3,"featured_media":83410,"comment_status":"closed","ping_status":"closed","sticky":false,"template":"","format":"standard","meta":{"_acf_changed":false,"_seopress_robots_primary_cat":"none","_seopress_titles_title":"","_seopress_titles_desc":"","_seopress_robots_index":"","colormag_page_container_layout":"default_layout","colormag_page_sidebar_layout":"default_layout","footnotes":""},"categories":[9],"tags":[],"class_list":["post-83407","post","type-post","status-publish","format-standard","has-post-thumbnail","hentry","category-cursos"],"acf":[],"_links":{"self":[{"href":"https:\/\/vocesparalelas.com.ar\/sitio\/wp-json\/wp\/v2\/posts\/83407","targetHints":{"allow":["GET"]}}],"collection":[{"href":"https:\/\/vocesparalelas.com.ar\/sitio\/wp-json\/wp\/v2\/posts"}],"about":[{"href":"https:\/\/vocesparalelas.com.ar\/sitio\/wp-json\/wp\/v2\/types\/post"}],"author":[{"embeddable":true,"href":"https:\/\/vocesparalelas.com.ar\/sitio\/wp-json\/wp\/v2\/users\/3"}],"replies":[{"embeddable":true,"href":"https:\/\/vocesparalelas.com.ar\/sitio\/wp-json\/wp\/v2\/comments?post=83407"}],"version-history":[{"count":1,"href":"https:\/\/vocesparalelas.com.ar\/sitio\/wp-json\/wp\/v2\/posts\/83407\/revisions"}],"predecessor-version":[{"id":83411,"href":"https:\/\/vocesparalelas.com.ar\/sitio\/wp-json\/wp\/v2\/posts\/83407\/revisions\/83411"}],"wp:featuredmedia":[{"embeddable":true,"href":"https:\/\/vocesparalelas.com.ar\/sitio\/wp-json\/wp\/v2\/media\/83410"}],"wp:attachment":[{"href":"https:\/\/vocesparalelas.com.ar\/sitio\/wp-json\/wp\/v2\/media?parent=83407"}],"wp:term":[{"taxonomy":"category","embeddable":true,"href":"https:\/\/vocesparalelas.com.ar\/sitio\/wp-json\/wp\/v2\/categories?post=83407"},{"taxonomy":"post_tag","embeddable":true,"href":"https:\/\/vocesparalelas.com.ar\/sitio\/wp-json\/wp\/v2\/tags?post=83407"}],"curies":[{"name":"wp","href":"https:\/\/api.w.org\/{rel}","templated":true}]}}