{"id":83402,"date":"2025-03-05T11:54:57","date_gmt":"2025-03-05T14:54:57","guid":{"rendered":"https:\/\/vocesparalelas.com.ar\/sitio\/?p=83402"},"modified":"2025-03-06T14:18:55","modified_gmt":"2025-03-06T17:18:55","slug":"se-fortalece-con-la-modernizacion-tecnica-del-quirurgico-del-hospital-dr-marcial-quiroga-en-san-juan","status":"publish","type":"post","link":"https:\/\/vocesparalelas.com.ar\/sitio\/se-fortalece-con-la-modernizacion-tecnica-del-quirurgico-del-hospital-dr-marcial-quiroga-en-san-juan\/","title":{"rendered":"Se fortalece con la modernizaci\u00f3n t\u00e9cnica del quir\u00fargico del Hospital Dr. Marcial Quiroga en San Juan"},"content":{"rendered":"<p>En un trabajo constante para dotar de infraestructura y equipamiento, el Hospital Dr. Marcial Quiroga, del Ministerio de Salud del Gobierno de San Juan licit\u00f3 diferentes equipos biom\u00e9dicos para modernizar sus quir\u00f3fanos ante la incorporaci\u00f3n de nuevos \u00e1reas quir\u00fargicas y la alta demanda de cirug\u00edas. Con esto se fortalece en m\u00faltiples aspecto el trabajo del equipo quir\u00fargico del nosocomio.<\/p>\n<p>Actualmente el Hospital Dr. Marcial Quiroga cuenta con cinco quir\u00f3fanos funcionales durante el turno ma\u00f1ana y tres en el vespertino, que han incrementado su utilizaci\u00f3n con la incorporaci\u00f3n de los servicios m\u00e9dicos de neurocirug\u00eda y cirug\u00eda tor\u00e1cica.<\/p>\n<p>Ante esto, se licit\u00f3 para su adquisici\u00f3n una torre de laparoscop\u00eda y repuestos para las existentes, adem\u00e1s de diferentes instrumentales. Tambi\u00e9n se incluy\u00f3 en la compra dos mesas de quir\u00f3fano, un arco en C y un equipo de videoendoscop\u00eda duodenoscopio.<\/p>\n<p>La compra se realiza con recursos propios del Gobierno de San Juan y contribuye a la modernizaci\u00f3n del sector de quir\u00f3fanos del Hospital Dr. Marcial Quiroga que precisa de estas adquisiciones para no reducir su alta demanda y tambi\u00e9n para actualizar algunos equipos con una antig\u00fcedad de m\u00e1s de 10 a\u00f1os.<\/p>\n<p>El trabajo para la modernizaci\u00f3n de los quir\u00f3fanos tuvo el aval del Gobierno de San Juan y el ministerio de Salud, que acreditaron la decisi\u00f3n del directorio del hospital de mejorar el equipamiento y acompa\u00f1arlo con la instalaci\u00f3n que el mismo necesita para ser utilizado en su m\u00e1ximo potencial.<\/p>\n<p>Estas adquisiciones, que van de la mano con los avances tecnol\u00f3gicos, se incluyen en el proyecto de renovaci\u00f3n que impuls\u00f3 el personal de Ingenier\u00eda Cl\u00ednica junto con el Servicio de Quir\u00f3fano y la coordinaci\u00f3n con profesionales de distintos campos en base a la tecnolog\u00eda de ejecuci\u00f3n necesaria.<\/p>\n<p>El proceso de apertura de sobres para su licitaci\u00f3n concluy\u00f3 esta semana para su inmediata adquisici\u00f3n con el objetivo establecido que en Marzo los nuevos equipos biom\u00e9tricos est\u00e9n operativos para continuar con los tiempos quir\u00fargicos establecidos.<\/p>\n<p>&nbsp;<\/p>\n<p><img loading=\"lazy\" decoding=\"async\" class=\"alignnone size-full wp-image-50515\" src=\"https:\/\/vocesparalelas.com.ar\/sitio\/wp-content\/uploads\/2022\/07\/HMQ-FRENTE.jpg\" alt=\"\" width=\"800\" height=\"600\" srcset=\"https:\/\/vocesparalelas.com.ar\/sitio\/wp-content\/uploads\/2022\/07\/HMQ-FRENTE.jpg 800w, https:\/\/vocesparalelas.com.ar\/sitio\/wp-content\/uploads\/2022\/07\/HMQ-FRENTE-300x225.jpg 300w, https:\/\/vocesparalelas.com.ar\/sitio\/wp-content\/uploads\/2022\/07\/HMQ-FRENTE-768x576.jpg 768w\" sizes=\"auto, (max-width: 800px) 100vw, 800px\" \/><\/p>\n","protected":false},"excerpt":{"rendered":"<p>En un trabajo constante para dotar de infraestructura y equipamiento, el Hospital Dr. Marcial Quiroga, del Ministerio de Salud del<\/p>\n","protected":false},"author":3,"featured_media":83405,"comment_status":"closed","ping_status":"closed","sticky":false,"template":"","format":"standard","meta":{"_acf_changed":false,"_seopress_robots_primary_cat":"none","_seopress_titles_title":"","_seopress_titles_desc":"","_seopress_robots_index":"","colormag_page_container_layout":"default_layout","colormag_page_sidebar_layout":"default_layout","footnotes":""},"categories":[8],"tags":[],"class_list":["post-83402","post","type-post","status-publish","format-standard","has-post-thumbnail","hentry","category-concursos"],"acf":[],"_links":{"self":[{"href":"https:\/\/vocesparalelas.com.ar\/sitio\/wp-json\/wp\/v2\/posts\/83402","targetHints":{"allow":["GET"]}}],"collection":[{"href":"https:\/\/vocesparalelas.com.ar\/sitio\/wp-json\/wp\/v2\/posts"}],"about":[{"href":"https:\/\/vocesparalelas.com.ar\/sitio\/wp-json\/wp\/v2\/types\/post"}],"author":[{"embeddable":true,"href":"https:\/\/vocesparalelas.com.ar\/sitio\/wp-json\/wp\/v2\/users\/3"}],"replies":[{"embeddable":true,"href":"https:\/\/vocesparalelas.com.ar\/sitio\/wp-json\/wp\/v2\/comments?post=83402"}],"version-history":[{"count":1,"href":"https:\/\/vocesparalelas.com.ar\/sitio\/wp-json\/wp\/v2\/posts\/83402\/revisions"}],"predecessor-version":[{"id":83406,"href":"https:\/\/vocesparalelas.com.ar\/sitio\/wp-json\/wp\/v2\/posts\/83402\/revisions\/83406"}],"wp:featuredmedia":[{"embeddable":true,"href":"https:\/\/vocesparalelas.com.ar\/sitio\/wp-json\/wp\/v2\/media\/83405"}],"wp:attachment":[{"href":"https:\/\/vocesparalelas.com.ar\/sitio\/wp-json\/wp\/v2\/media?parent=83402"}],"wp:term":[{"taxonomy":"category","embeddable":true,"href":"https:\/\/vocesparalelas.com.ar\/sitio\/wp-json\/wp\/v2\/categories?post=83402"},{"taxonomy":"post_tag","embeddable":true,"href":"https:\/\/vocesparalelas.com.ar\/sitio\/wp-json\/wp\/v2\/tags?post=83402"}],"curies":[{"name":"wp","href":"https:\/\/api.w.org\/{rel}","templated":true}]}}