{"id":83395,"date":"2025-03-05T11:43:10","date_gmt":"2025-03-05T14:43:10","guid":{"rendered":"https:\/\/vocesparalelas.com.ar\/sitio\/?p=83395"},"modified":"2025-03-06T13:10:57","modified_gmt":"2025-03-06T16:10:57","slug":"se-fortalece-la-energia-solar-en-la-avda-circunvalacion-en-san-juan","status":"publish","type":"post","link":"https:\/\/vocesparalelas.com.ar\/sitio\/se-fortalece-la-energia-solar-en-la-avda-circunvalacion-en-san-juan\/","title":{"rendered":"Se fortalece la Energ\u00eda Solar en la Avda. Circunvalaci\u00f3n en San Juan"},"content":{"rendered":"<p>El Gobierno de San Juan contin\u00faa consolid\u00e1ndose como un referente en energ\u00edas limpias a nivel nacional posicionando y fortaleciendo la energ\u00eda futura.<\/p>\n<p>En el marco de su compromiso con el desarrollo sustentable, se avanza en la instalaci\u00f3n de Generadores Solares Fotovoltaicos On Grid en la avenida de Circunvalaci\u00f3n, un proyecto que busca optimizar el consumo energ\u00e9tico y fomentar el uso de fuentes renovables en la iluminaci\u00f3n vial.<\/p>\n<p>El primer paso, fue la planificaci\u00f3n del proyecto,\u00a0que estuvo a cargo del equipo de profesionales de EPSE, conformado por ingenieros el\u00e9ctricos, civiles y agrimensores, quienes realizaron un relevamiento exhaustivo para determinar las ubicaciones estrat\u00e9gicas de los generadores en cada punto de Avenida Circunvalaci\u00f3n. Para su disposici\u00f3n, se tomaron en cuenta factores clave como la proximidad a los suministros el\u00e9ctricos, las condiciones del entorno y la viabilidad t\u00e9cnica de cada sector.<\/p>\n<p>Esta iniciativa representa un hito en materia de infraestructura energ\u00e9tica, posicionando a San Juan como una provincia pionera en la incorporaci\u00f3n de tecnolog\u00eda sustentable en sus principales arterias viales.<\/p>\n<p><span style=\"color: #99cc00;\"><strong>Ubicaci\u00f3n de los generadores solares<\/strong><\/span><\/p>\n<p>Los equipos se distribuir\u00e1n en cuatro sectores estrat\u00e9gicos a lo largo de la Avenida de Circunvalaci\u00f3n:<\/p>\n<ul>\n<li><strong>Sector I:<\/strong> Costado Noreste, entre Caseros y Roque S\u00e1enz Pe\u00f1a<\/li>\n<li><strong>Sector II:<\/strong> Costado Este, entre Roque S\u00e1enz Pe\u00f1a y los accesos Este, RN 20 y RN 40, Departamento Pocito<\/li>\n<li><strong>Sector III:<\/strong> Costado Sur, entre Acceso Sur y Las Heras<\/li>\n<li><strong>Sector IV:<\/strong> Costado Oeste, entre Las Heras y Mat\u00edas Zavalla, en el Parque de Mayo<\/li>\n<\/ul>\n<p>En total, se instalar\u00e1n 36 generadores solares que proveer\u00e1n energ\u00eda renovable para la iluminaci\u00f3n del anillo vial y sus accesos Este y Sur. EPSE ser\u00e1 el organismo encargado de suministrar los paneles solares y el equipamiento necesario para garantizar una instalaci\u00f3n eficiente y segura.<\/p>\n<p>Con este avance, San Juan reafirma su liderazgo en el desarrollo de energ\u00edas limpias y refuerza su compromiso con un futuro m\u00e1s sustentable.<\/p>\n<p>&nbsp;<\/p>\n<p><img loading=\"lazy\" decoding=\"async\" class=\"alignnone size-full wp-image-65642\" src=\"https:\/\/vocesparalelas.com.ar\/sitio\/wp-content\/uploads\/2023\/11\/GOBIERNO-SAN-JUAN.jpg\" alt=\"\" width=\"800\" height=\"600\" srcset=\"https:\/\/vocesparalelas.com.ar\/sitio\/wp-content\/uploads\/2023\/11\/GOBIERNO-SAN-JUAN.jpg 800w, https:\/\/vocesparalelas.com.ar\/sitio\/wp-content\/uploads\/2023\/11\/GOBIERNO-SAN-JUAN-300x225.jpg 300w, https:\/\/vocesparalelas.com.ar\/sitio\/wp-content\/uploads\/2023\/11\/GOBIERNO-SAN-JUAN-768x576.jpg 768w\" sizes=\"auto, (max-width: 800px) 100vw, 800px\" \/><\/p>\n","protected":false},"excerpt":{"rendered":"<p>El Gobierno de San Juan contin\u00faa consolid\u00e1ndose como un referente en energ\u00edas limpias a nivel nacional posicionando y fortaleciendo la<\/p>\n","protected":false},"author":3,"featured_media":83398,"comment_status":"closed","ping_status":"closed","sticky":false,"template":"","format":"standard","meta":{"_acf_changed":false,"_seopress_robots_primary_cat":"none","_seopress_titles_title":"","_seopress_titles_desc":"","_seopress_robots_index":"","colormag_page_container_layout":"default_layout","colormag_page_sidebar_layout":"default_layout","footnotes":""},"categories":[2],"tags":[],"class_list":["post-83395","post","type-post","status-publish","format-standard","has-post-thumbnail","hentry","category-convocatorias"],"acf":[],"_links":{"self":[{"href":"https:\/\/vocesparalelas.com.ar\/sitio\/wp-json\/wp\/v2\/posts\/83395","targetHints":{"allow":["GET"]}}],"collection":[{"href":"https:\/\/vocesparalelas.com.ar\/sitio\/wp-json\/wp\/v2\/posts"}],"about":[{"href":"https:\/\/vocesparalelas.com.ar\/sitio\/wp-json\/wp\/v2\/types\/post"}],"author":[{"embeddable":true,"href":"https:\/\/vocesparalelas.com.ar\/sitio\/wp-json\/wp\/v2\/users\/3"}],"replies":[{"embeddable":true,"href":"https:\/\/vocesparalelas.com.ar\/sitio\/wp-json\/wp\/v2\/comments?post=83395"}],"version-history":[{"count":3,"href":"https:\/\/vocesparalelas.com.ar\/sitio\/wp-json\/wp\/v2\/posts\/83395\/revisions"}],"predecessor-version":[{"id":83401,"href":"https:\/\/vocesparalelas.com.ar\/sitio\/wp-json\/wp\/v2\/posts\/83395\/revisions\/83401"}],"wp:featuredmedia":[{"embeddable":true,"href":"https:\/\/vocesparalelas.com.ar\/sitio\/wp-json\/wp\/v2\/media\/83398"}],"wp:attachment":[{"href":"https:\/\/vocesparalelas.com.ar\/sitio\/wp-json\/wp\/v2\/media?parent=83395"}],"wp:term":[{"taxonomy":"category","embeddable":true,"href":"https:\/\/vocesparalelas.com.ar\/sitio\/wp-json\/wp\/v2\/categories?post=83395"},{"taxonomy":"post_tag","embeddable":true,"href":"https:\/\/vocesparalelas.com.ar\/sitio\/wp-json\/wp\/v2\/tags?post=83395"}],"curies":[{"name":"wp","href":"https:\/\/api.w.org\/{rel}","templated":true}]}}