{"id":83385,"date":"2025-03-05T10:50:15","date_gmt":"2025-03-05T13:50:15","guid":{"rendered":"https:\/\/vocesparalelas.com.ar\/sitio\/?p=83385"},"modified":"2025-03-06T12:56:14","modified_gmt":"2025-03-06T15:56:14","slug":"tecnicaturas-universitarias-en-procesamiento-de-minerales-y-operaciones-de-mina-en-san-juan","status":"publish","type":"post","link":"https:\/\/vocesparalelas.com.ar\/sitio\/tecnicaturas-universitarias-en-procesamiento-de-minerales-y-operaciones-de-mina-en-san-juan\/","title":{"rendered":"Tecnicaturas Universitarias en Procesamiento de Minerales y Operaciones de Mina en San Juan"},"content":{"rendered":"<p>El 27 y 28 de Febrero se desarroll\u00f3 la evaluaci\u00f3n para el ingreso a las Tecnicaturas Universitarias en Procesamiento de Minerales y Operaciones de Mina, dictadas por profesionales de la Facultad de Ingenier\u00eda de la Universidad Nacional de San Juan.<\/p>\n<p>Aproximadamente 350 estudiantes de los departamentos de J\u00e1chal, Iglesia, Calingasta, Valle F\u00e9rtil y Sarmiento participaron de manera presencial en las Aulas H\u00edbridas de sus comunidades para rendir el examen de admisi\u00f3n.<\/p>\n<p>En la primera jornada, los aspirantes rindieron la evaluaci\u00f3n de Lectura y Comprensi\u00f3n de Textos, mientras que en la segunda instancia realizaron el examen de Matem\u00e1tica.<\/p>\n<p>Para quienes necesiten una nueva oportunidad, el recuperatorio de Matem\u00e1tica es el 6 de Marzo y el extraordinario el 11 de Marzo. En el caso de Lectura y Comprensi\u00f3n de Textos, el recuperatorio est\u00e1 previsto para el 13 de Marzo. El acceso a las Aulas Virtuales es habilitado el 10 de Marzo, mientras que el inicio de las clases sincr\u00f3nicas est\u00e1 programado para el 17 de Marzo.<\/p>\n<p>El financiamiento de estas carreras se realiza a trav\u00e9s del Fondo Especial para el Desarrollo Minero &#8211; Ley 970-M &#8211; del Ministerio de Miner\u00eda del Gobierno de San Juan, en el marco de los lineamientos del Plan Estrat\u00e9gico de la provincia, y cuentan con el aval y la colaboraci\u00f3n del Ministerio de Educaci\u00f3n de San Juan.<\/p>\n<p>Gracias a la modalidad a distancia y el uso de Aulas H\u00edbridas en los departamentos mineros, esta iniciativa permite que los estudiantes accedan a formaci\u00f3n universitaria sin necesidad de trasladarse a la capital provincial.<\/p>\n<p>Esta experiencia ya tuvo un primer antecedente exitoso en 2024 con la implementaci\u00f3n de diplomaturas, y este a\u00f1o se ampl\u00eda con tecnicaturas.<\/p>\n<p>La calidad de conectividad en los espacios de estudio fue garantizada por INNOVA, que instal\u00f3 y optimiz\u00f3 el servicio de internet para el correcto desarrollo del programa.<\/p>\n<p>Por otro lado, el pasado 24 de Febrero finaliz\u00f3 la preinscripci\u00f3n para las Tecnicaturas Universitarias en Desarrollo de Software y Administraci\u00f3n de Empresas, dictadas por profesionales de la Facultad de Ciencias Econ\u00f3micas y Empresariales de la Universidad Cat\u00f3lica de Cuyo.<\/p>\n<p>El curso de ingreso para estas carreras comenz\u00f3 el 5 de Marzo, y los aspirantes que cumplan con los requisitos ser\u00e1n notificados por correo electr\u00f3nico.<\/p>\n<p><img loading=\"lazy\" decoding=\"async\" class=\"alignnone size-full wp-image-27844\" src=\"https:\/\/vocesparalelas.com.ar\/sitio\/wp-content\/uploads\/2020\/04\/BARRICK-NOCHE.jpg\" alt=\"\" width=\"800\" height=\"400\" srcset=\"https:\/\/vocesparalelas.com.ar\/sitio\/wp-content\/uploads\/2020\/04\/BARRICK-NOCHE.jpg 800w, https:\/\/vocesparalelas.com.ar\/sitio\/wp-content\/uploads\/2020\/04\/BARRICK-NOCHE-300x150.jpg 300w, https:\/\/vocesparalelas.com.ar\/sitio\/wp-content\/uploads\/2020\/04\/BARRICK-NOCHE-768x384.jpg 768w\" sizes=\"auto, (max-width: 800px) 100vw, 800px\" \/><\/p>\n","protected":false},"excerpt":{"rendered":"<p>El 27 y 28 de Febrero se desarroll\u00f3 la evaluaci\u00f3n para el ingreso a las Tecnicaturas Universitarias en Procesamiento de<\/p>\n","protected":false},"author":3,"featured_media":83388,"comment_status":"closed","ping_status":"closed","sticky":false,"template":"","format":"standard","meta":{"_acf_changed":false,"_seopress_robots_primary_cat":"none","_seopress_titles_title":"","_seopress_titles_desc":"","_seopress_robots_index":"","colormag_page_container_layout":"default_layout","colormag_page_sidebar_layout":"default_layout","footnotes":""},"categories":[9],"tags":[],"class_list":["post-83385","post","type-post","status-publish","format-standard","has-post-thumbnail","hentry","category-cursos"],"acf":[],"_links":{"self":[{"href":"https:\/\/vocesparalelas.com.ar\/sitio\/wp-json\/wp\/v2\/posts\/83385","targetHints":{"allow":["GET"]}}],"collection":[{"href":"https:\/\/vocesparalelas.com.ar\/sitio\/wp-json\/wp\/v2\/posts"}],"about":[{"href":"https:\/\/vocesparalelas.com.ar\/sitio\/wp-json\/wp\/v2\/types\/post"}],"author":[{"embeddable":true,"href":"https:\/\/vocesparalelas.com.ar\/sitio\/wp-json\/wp\/v2\/users\/3"}],"replies":[{"embeddable":true,"href":"https:\/\/vocesparalelas.com.ar\/sitio\/wp-json\/wp\/v2\/comments?post=83385"}],"version-history":[{"count":1,"href":"https:\/\/vocesparalelas.com.ar\/sitio\/wp-json\/wp\/v2\/posts\/83385\/revisions"}],"predecessor-version":[{"id":83389,"href":"https:\/\/vocesparalelas.com.ar\/sitio\/wp-json\/wp\/v2\/posts\/83385\/revisions\/83389"}],"wp:featuredmedia":[{"embeddable":true,"href":"https:\/\/vocesparalelas.com.ar\/sitio\/wp-json\/wp\/v2\/media\/83388"}],"wp:attachment":[{"href":"https:\/\/vocesparalelas.com.ar\/sitio\/wp-json\/wp\/v2\/media?parent=83385"}],"wp:term":[{"taxonomy":"category","embeddable":true,"href":"https:\/\/vocesparalelas.com.ar\/sitio\/wp-json\/wp\/v2\/categories?post=83385"},{"taxonomy":"post_tag","embeddable":true,"href":"https:\/\/vocesparalelas.com.ar\/sitio\/wp-json\/wp\/v2\/tags?post=83385"}],"curies":[{"name":"wp","href":"https:\/\/api.w.org\/{rel}","templated":true}]}}